{"id":8607,"date":"2018-10-11T10:45:37","date_gmt":"2018-10-11T08:45:37","guid":{"rendered":"https:\/\/www.teachonmars.com\/blog\/?p=8607"},"modified":"2022-06-06T16:43:29","modified_gmt":"2022-06-06T14:43:29","slug":"une-fusee-labellisee-pass-french-tech","status":"publish","type":"post","link":"https:\/\/www.teachonmars.com\/fr\/blog\/2018\/10\/une-fusee-labellisee-pass-french-tech\/","title":{"rendered":"Une fus\u00e9e labellis\u00e9e Pass French Tech"},"content":{"rendered":"<p>Le 24 septembre dernier, Teach on Mars s\u2019est vue remettre le dipl\u00f4me de la promotion 2017-2018 du Pass French Tech par Mounir MAHJOUBI, Secr\u00e9taire d&rsquo;\u00c9tat aupr\u00e8s du Premier ministre charg\u00e9 du Num\u00e9rique.<\/p>\n<h2>Un label national<\/h2>\n<p>Teach on Mars, membre de la d\u00e9l\u00e9gation des entreprises laur\u00e9ates du <a href=\"https:\/\/www.teachonmars.com\/blog\/2017\/12\/retour-sur-lannee-2017\/\" target=\"_blank\" rel=\"noopener noreferrer\">Pass French Tech &#8211;\u00a0Promotion 2017-2018<\/a> \u2013\u00a0a \u00e9t\u00e9 re\u00e7ue le 24 septembre\u00a0au Palais de l\u2019\u00c9lys\u00e9e.<br \/>\nA l\u2019occasion de la r\u00e9union annuelle des dirigeants,\u00a0le Secr\u00e9taire d\u2019\u00c9tat Mounir MAHJOUBI, a remis le dipl\u00f4me officiel \u00e0 Pierre PEIGNE, VP Corporate Development chez Teach on Mars.<\/p>\n<div id=\"attachment_8610\" style=\"width: 420px\" class=\"wp-caption aligncenter\"><a href=\"https:\/\/www.teachonmars.com\/blog\/wp-content\/uploads\/2018\/10\/PhotoMounirMAHJOUBIPierrePEIGNE-min.jpg\"><img loading=\"lazy\" decoding=\"async\" aria-describedby=\"caption-attachment-8610\" class=\" wp-image-8610\" src=\"https:\/\/www.teachonmars.com\/blog\/wp-content\/uploads\/2018\/10\/PhotoMounirMAHJOUBIPierrePEIGNE-min-768x1024.jpg\" alt=\"Mounir Mahjoubi et Pierre Peigne\" width=\"410\" height=\"547\" \/><\/a><p id=\"caption-attachment-8610\" class=\"wp-caption-text\">Mounir Mahjoubi, Secr\u00e9taire d&rsquo;\u00c9tat aupr\u00e8s du Premier ministre, charg\u00e9 du Num\u00e9rique et Pierre Peigne, VP Corporate Development chez Teach on Mars<\/p><\/div>\n<p>Le Pass French Tech est un programme national d\u2019accompagnement d\u00e9di\u00e9 aux p\u00e9pites de la French Tech en hyper croissance. Ce label, lanc\u00e9 en 2014, est attribu\u00e9 pour un an aux entreprises innovantes en hyper croissance et \u00e0 tr\u00e8s fort potentiel de d\u00e9veloppement, notamment \u00e0 l\u2019international. Trois nouvelles entreprises, parmi lesquelles Teach on Mars, sont laur\u00e9ates du Pass French Tech en Provence-Alpes-C\u00f4te d\u2019Azur. Les entreprises r\u00e9pondent \u00e0 un dispositif particuli\u00e8rement s\u00e9lectif avec des crit\u00e8res tr\u00e8s ambitieux de croissance du chiffre d\u2019affaires et de rentabilit\u00e9.<\/p>\n<div id=\"attachment_8612\" style=\"width: 548px\" class=\"wp-caption aligncenter\"><a href=\"https:\/\/www.teachonmars.com\/blog\/wp-content\/uploads\/2018\/10\/LaureatsPassFrenchTech2018.png\"><img loading=\"lazy\" decoding=\"async\" aria-describedby=\"caption-attachment-8612\" class=\" wp-image-8612\" src=\"https:\/\/www.teachonmars.com\/blog\/wp-content\/uploads\/2018\/10\/LaureatsPassFrenchTech2018.png\" alt=\"Laureats Passe French Tech 2017-2018\" width=\"538\" height=\"401\" \/><\/a><p id=\"caption-attachment-8612\" class=\"wp-caption-text\">Les entreprises laur\u00e9ates du Pass French Tech Promotion 2017-2018<\/p><\/div>\n<p>On en parle sur les r\u00e9seaux :<\/p>\n<blockquote class=\"twitter-tweet\" data-width=\"550\" data-dnt=\"true\">\n<p lang=\"fr\" dir=\"ltr\"><a href=\"https:\/\/twitter.com\/hashtag\/UnJourUnTalent?src=hash&amp;ref_src=twsrc%5Etfw\">#UnJourUnTalent<\/a>\ud83c\udfc6BRAVO \u00e0 nos p\u00e9pites <a href=\"https:\/\/twitter.com\/MaRegionSud?ref_src=twsrc%5Etfw\">@MaRegionSud<\/a> laur\u00e9ates <a href=\"https:\/\/twitter.com\/hashtag\/PassFrenchTech?src=hash&amp;ref_src=twsrc%5Etfw\">#PassFrenchTech<\/a> 2018 &amp; distingu\u00e9es par <a href=\"https:\/\/twitter.com\/mounir?ref_src=twsrc%5Etfw\">@mounir<\/a> <a href=\"https:\/\/twitter.com\/Elysee?ref_src=twsrc%5Etfw\">@Elysee<\/a> &gt;<a href=\"https:\/\/twitter.com\/Qwant_FR?ref_src=twsrc%5Etfw\">@Qwant_FR<\/a> <a href=\"https:\/\/twitter.com\/TeachonMarsfr?ref_src=twsrc%5Etfw\">@TeachonMarsfr<\/a> <a href=\"https:\/\/twitter.com\/gojob_official?ref_src=twsrc%5Etfw\">@gojob_official<\/a> <a href=\"https:\/\/twitter.com\/eework?ref_src=twsrc%5Etfw\">@eework<\/a> <a href=\"https:\/\/twitter.com\/traxens?ref_src=twsrc%5Etfw\">@traxens<\/a> <a href=\"https:\/\/twitter.com\/Linxo?ref_src=twsrc%5Etfw\">@Linxo<\/a> <a href=\"https:\/\/twitter.com\/Lumi_iN?ref_src=twsrc%5Etfw\">@Lumi_iN<\/a> <a href=\"https:\/\/twitter.com\/DataSolutionsFR?ref_src=twsrc%5Etfw\">@DataSolutionsFr<\/a> <a href=\"https:\/\/twitter.com\/MEDIANTechno?ref_src=twsrc%5Etfw\">@MEDIANTechno<\/a><br \/>RT<a href=\"https:\/\/twitter.com\/CarantaAngeliqu?ref_src=twsrc%5Etfw\">@CarantaAngeliqu<\/a> cc <a href=\"https:\/\/twitter.com\/FrenchTechCdA?ref_src=twsrc%5Etfw\">@FrenchTechCdA<\/a> @JessiPellegrini <a href=\"https:\/\/t.co\/mcRdL914qe\">https:\/\/t.co\/mcRdL914qe<\/a><\/p>\n<p>&mdash; CCI Nice C\u00f4te d&#39;Azur (@CCIcotedazur) <a href=\"https:\/\/twitter.com\/CCIcotedazur\/status\/1044486805687603201?ref_src=twsrc%5Etfw\">September 25, 2018<\/a><\/p><\/blockquote>\n<p><script async src=\"https:\/\/platform.twitter.com\/widgets.js\" charset=\"utf-8\"><\/script><\/p>\n<blockquote class=\"twitter-tweet\" data-width=\"550\" data-dnt=\"true\">\n<p lang=\"fr\" dir=\"ltr\">Ce soir, les p\u00e9pites laur\u00e9ates du Pass French Tech de <a href=\"https:\/\/twitter.com\/MaRegionSud?ref_src=twsrc%5Etfw\">@MaRegionSud<\/a>  sont re\u00e7ues par <a href=\"https:\/\/twitter.com\/mounir?ref_src=twsrc%5Etfw\">@mounir<\/a>, Secr\u00e9taire d\u2019Etat au Num\u00e9rique, \u00e0 l\u2019<a href=\"https:\/\/twitter.com\/Elysee?ref_src=twsrc%5Etfw\">@Elysee<\/a> <br \/>Nos 12 entreprises recevront leur dipl\u00f4me pour cette promotion 2017\/2018 ! <a href=\"https:\/\/t.co\/kNdDFrmsPJ\">pic.twitter.com\/kNdDFrmsPJ<\/a><\/p>\n<p>&mdash; risingSUD (@risingSUD) <a href=\"https:\/\/twitter.com\/risingSUD\/status\/1044258759592349696?ref_src=twsrc%5Etfw\">September 24, 2018<\/a><\/p><\/blockquote>\n<p><script async src=\"https:\/\/platform.twitter.com\/widgets.js\" charset=\"utf-8\"><\/script><\/p>\n<blockquote class=\"twitter-tweet\" data-width=\"550\" data-dnt=\"true\">\n<p lang=\"fr\" dir=\"ltr\"><a href=\"https:\/\/t.co\/unNFybDGN9\">https:\/\/t.co\/unNFybDGN9<\/a> : Teach on Mars a atteint la galaxie du PASS <a href=\"https:\/\/twitter.com\/hashtag\/FrenchTech?src=hash&amp;ref_src=twsrc%5Etfw\">#FrenchTech<\/a> ! <br \/>La startup de <a href=\"https:\/\/twitter.com\/hashtag\/SophiaAntipolis?src=hash&amp;ref_src=twsrc%5Etfw\">#SophiaAntipolis<\/a> \u00e9tait re\u00e7ue hier \u00e0 l\u2019Elys\u00e9e pour recevoir le label  d\u00e9di\u00e9 aux p\u00e9pites du num\u00e9rique en hypercroissance.<a href=\"https:\/\/twitter.com\/TeachonMarsfr?ref_src=twsrc%5Etfw\">@TeachonMarsfr<\/a> <a href=\"https:\/\/twitter.com\/VirginieAtlan?ref_src=twsrc%5Etfw\">@VirginieAtlan<\/a> <a href=\"https:\/\/twitter.com\/MaRegionSud?ref_src=twsrc%5Etfw\">@MaRegionSud<\/a> @ARIIREGIONSUD <a href=\"https:\/\/t.co\/uOnw7ZUzDd\">pic.twitter.com\/uOnw7ZUzDd<\/a><\/p>\n<p>&mdash; Maison M\u00e9tropole NCA (@MatinalecoATLAN) <a href=\"https:\/\/twitter.com\/MatinalecoATLAN\/status\/1044570188182671360?ref_src=twsrc%5Etfw\">September 25, 2018<\/a><\/p><\/blockquote>\n<p><script async src=\"https:\/\/platform.twitter.com\/widgets.js\" charset=\"utf-8\"><\/script><\/p>\n<blockquote class=\"twitter-tweet\" data-width=\"550\" data-dnt=\"true\">\n<p lang=\"fr\" dir=\"ltr\">\ud83d\udc4f\ud83c\udffcUn grand bravo sp\u00e9cial pour nos laur\u00e9ats 2018 du <a href=\"https:\/\/twitter.com\/hashtag\/PassFrenchTech?src=hash&amp;ref_src=twsrc%5Etfw\">#PassFrenchTech<\/a> sur le territoire de <a href=\"https:\/\/twitter.com\/MaRegionSud?ref_src=twsrc%5Etfw\">@MaRegionSud<\/a> : <a href=\"https:\/\/twitter.com\/Qwant_FR?ref_src=twsrc%5Etfw\">@Qwant_FR<\/a> \/<a href=\"https:\/\/twitter.com\/TeachonMarsfr?ref_src=twsrc%5Etfw\">@TeachonMarsfr<\/a> \/<a href=\"https:\/\/twitter.com\/gojob_official?ref_src=twsrc%5Etfw\">@gojob_official<\/a> \/ <a href=\"https:\/\/twitter.com\/eework?ref_src=twsrc%5Etfw\">@eework<\/a> \/<a href=\"https:\/\/twitter.com\/traxens?ref_src=twsrc%5Etfw\">@traxens<\/a> \/ <a href=\"https:\/\/twitter.com\/Linxo?ref_src=twsrc%5Etfw\">@Linxo<\/a> \/ <a href=\"https:\/\/twitter.com\/Lumi_iN?ref_src=twsrc%5Etfw\">@Lumi_iN<\/a> \/<a href=\"https:\/\/twitter.com\/DataSolutionsFR?ref_src=twsrc%5Etfw\">@DataSolutionsFr<\/a> \/<a href=\"https:\/\/twitter.com\/MEDIANTechno?ref_src=twsrc%5Etfw\">@MEDIANTechno<\/a> \u2728<br \/>Remise des dipl\u00f4mes aujourd\u2019hui \u00e0 l\u2019<a href=\"https:\/\/twitter.com\/Elysee?ref_src=twsrc%5Etfw\">@Elysee<\/a> <a href=\"https:\/\/t.co\/aX5GwOcJ1l\">pic.twitter.com\/aX5GwOcJ1l<\/a><\/p>\n<p>&mdash; Ang\u00e9lique Caranta (@CarantaAngeliqu) <a href=\"https:\/\/twitter.com\/CarantaAngeliqu\/status\/1044345913349722113?ref_src=twsrc%5Etfw\">September 24, 2018<\/a><\/p><\/blockquote>\n<p><script async src=\"https:\/\/platform.twitter.com\/widgets.js\" charset=\"utf-8\"><\/script><\/p>\n<p>&nbsp;<\/p>\n","protected":false},"excerpt":{"rendered":"<p>Le 24 septembre dernier, Teach on Mars s\u2019est vue remettre le dipl\u00f4me de la promotion 2017-2018 du Pass French Tech par Mounir MAHJOUBI, Secr\u00e9taire d&rsquo;\u00c9tat aupr\u00e8s du Premier ministre charg\u00e9 du Num\u00e9rique. Un label national Teach on Mars, membre de la d\u00e9l\u00e9gation des entreprises laur\u00e9ates du Pass French Tech &#8211;\u00a0Promotion 2017-2018 \u2013\u00a0a \u00e9t\u00e9 re\u00e7ue le [&hellip;]<\/p>\n","protected":false},"author":17,"featured_media":12256,"comment_status":"open","ping_status":"closed","sticky":false,"template":"","format":"standard","meta":{"_et_pb_use_builder":"","_et_pb_old_content":"","_et_gb_content_width":"","footnotes":""},"categories":[54],"tags":[],"class_list":["post-8607","post","type-post","status-publish","format-standard","has-post-thumbnail","hentry","category-actualite-teach-on-mars"],"yoast_head":"<!-- This site is optimized with the Yoast SEO Premium plugin v22.6 (Yoast SEO v27.5) - https:\/\/yoast.com\/product\/yoast-seo-premium-wordpress\/ -->\n<title>Une fus\u00e9e labellis\u00e9e Pass French Tech - Teach on Mars<\/title>\n<meta name=\"description\" content=\"Teach on Mars a re\u00e7u le dipl\u00f4me dipl\u00f4me de la promotion 2017-2018 du Pass French Tech le 24 septembre 2018, par Mounir MAHJOUBI, au Palais de l\u2019Elys\u00e9e.\" \/>\n<meta name=\"robots\" content=\"noindex, follow\" \/>\n<meta property=\"og:locale\" content=\"fr_FR\" \/>\n<meta property=\"og:type\" content=\"article\" \/>\n<meta property=\"og:title\" content=\"Une fus\u00e9e labellis\u00e9e Pass French Tech\" \/>\n<meta property=\"og:description\" content=\"Teach on Mars a re\u00e7u le dipl\u00f4me dipl\u00f4me de la promotion 2017-2018 du Pass French Tech le 24 septembre 2018, par Mounir MAHJOUBI, au Palais de l\u2019Elys\u00e9e.\" \/>\n<meta property=\"og:url\" content=\"https:\/\/www.teachonmars.com\/fr\/blog\/2018\/10\/une-fusee-labellisee-pass-french-tech\/\" \/>\n<meta property=\"og:site_name\" content=\"Teach on Mars\" \/>\n<meta property=\"article:publisher\" content=\"https:\/\/www.facebook.com\/teachonmars.fr\/\" \/>\n<meta property=\"article:published_time\" content=\"2018-10-11T08:45:37+00:00\" \/>\n<meta property=\"article:modified_time\" content=\"2022-06-06T14:43:29+00:00\" \/>\n<meta property=\"og:image\" content=\"https:\/\/www.teachonmars.com\/wp-content\/uploads\/2018\/10\/banner-pass-french-tech-1.jpg\" \/>\n\t<meta property=\"og:image:width\" content=\"700\" \/>\n\t<meta property=\"og:image:height\" content=\"336\" \/>\n\t<meta property=\"og:image:type\" content=\"image\/jpeg\" \/>\n<meta name=\"author\" content=\"No\u00e9mie Bertrand\" \/>\n<meta name=\"twitter:card\" content=\"summary_large_image\" \/>\n<meta name=\"twitter:creator\" content=\"@TeachonMarsfr\" \/>\n<meta name=\"twitter:site\" content=\"@TeachonMarsfr\" \/>\n<meta name=\"twitter:label1\" content=\"\u00c9crit par\" \/>\n\t<meta name=\"twitter:data1\" content=\"No\u00e9mie Bertrand\" \/>\n\t<meta name=\"twitter:label2\" content=\"Dur\u00e9e de lecture estim\u00e9e\" \/>\n\t<meta name=\"twitter:data2\" content=\"1 minute\" \/>\n<script type=\"application\/ld+json\" class=\"yoast-schema-graph\">{\"@context\":\"https:\\\/\\\/schema.org\",\"@graph\":[{\"@type\":\"Article\",\"@id\":\"https:\\\/\\\/www.teachonmars.com\\\/fr\\\/blog\\\/2018\\\/10\\\/une-fusee-labellisee-pass-french-tech\\\/#article\",\"isPartOf\":{\"@id\":\"https:\\\/\\\/www.teachonmars.com\\\/fr\\\/blog\\\/2018\\\/10\\\/une-fusee-labellisee-pass-french-tech\\\/\"},\"author\":{\"name\":\"No\u00e9mie Bertrand\",\"@id\":\"https:\\\/\\\/www.teachonmars.com\\\/fr\\\/#\\\/schema\\\/person\\\/16dcef3ce288dfad248750f5faf773b0\"},\"headline\":\"Une fus\u00e9e labellis\u00e9e Pass French Tech\",\"datePublished\":\"2018-10-11T08:45:37+00:00\",\"dateModified\":\"2022-06-06T14:43:29+00:00\",\"mainEntityOfPage\":{\"@id\":\"https:\\\/\\\/www.teachonmars.com\\\/fr\\\/blog\\\/2018\\\/10\\\/une-fusee-labellisee-pass-french-tech\\\/\"},\"wordCount\":283,\"commentCount\":0,\"publisher\":{\"@id\":\"https:\\\/\\\/www.teachonmars.com\\\/fr\\\/#organization\"},\"image\":{\"@id\":\"https:\\\/\\\/www.teachonmars.com\\\/fr\\\/blog\\\/2018\\\/10\\\/une-fusee-labellisee-pass-french-tech\\\/#primaryimage\"},\"thumbnailUrl\":\"https:\\\/\\\/www.teachonmars.com\\\/wp-content\\\/uploads\\\/2018\\\/10\\\/banner-pass-french-tech-1.jpg\",\"articleSection\":[\"Actualit\u00e9 Teach on Mars\"],\"inLanguage\":\"fr-FR\",\"potentialAction\":[{\"@type\":\"CommentAction\",\"name\":\"Comment\",\"target\":[\"https:\\\/\\\/www.teachonmars.com\\\/fr\\\/blog\\\/2018\\\/10\\\/une-fusee-labellisee-pass-french-tech\\\/#respond\"]}]},{\"@type\":\"WebPage\",\"@id\":\"https:\\\/\\\/www.teachonmars.com\\\/fr\\\/blog\\\/2018\\\/10\\\/une-fusee-labellisee-pass-french-tech\\\/\",\"url\":\"https:\\\/\\\/www.teachonmars.com\\\/fr\\\/blog\\\/2018\\\/10\\\/une-fusee-labellisee-pass-french-tech\\\/\",\"name\":\"Une fus\u00e9e labellis\u00e9e Pass French Tech - Teach on Mars\",\"isPartOf\":{\"@id\":\"https:\\\/\\\/www.teachonmars.com\\\/fr\\\/#website\"},\"primaryImageOfPage\":{\"@id\":\"https:\\\/\\\/www.teachonmars.com\\\/fr\\\/blog\\\/2018\\\/10\\\/une-fusee-labellisee-pass-french-tech\\\/#primaryimage\"},\"image\":{\"@id\":\"https:\\\/\\\/www.teachonmars.com\\\/fr\\\/blog\\\/2018\\\/10\\\/une-fusee-labellisee-pass-french-tech\\\/#primaryimage\"},\"thumbnailUrl\":\"https:\\\/\\\/www.teachonmars.com\\\/wp-content\\\/uploads\\\/2018\\\/10\\\/banner-pass-french-tech-1.jpg\",\"datePublished\":\"2018-10-11T08:45:37+00:00\",\"dateModified\":\"2022-06-06T14:43:29+00:00\",\"description\":\"Teach on Mars a re\u00e7u le dipl\u00f4me dipl\u00f4me de la promotion 2017-2018 du Pass French Tech le 24 septembre 2018, par Mounir MAHJOUBI, au Palais de l\u2019Elys\u00e9e.\",\"breadcrumb\":{\"@id\":\"https:\\\/\\\/www.teachonmars.com\\\/fr\\\/blog\\\/2018\\\/10\\\/une-fusee-labellisee-pass-french-tech\\\/#breadcrumb\"},\"inLanguage\":\"fr-FR\",\"potentialAction\":[{\"@type\":\"ReadAction\",\"target\":[\"https:\\\/\\\/www.teachonmars.com\\\/fr\\\/blog\\\/2018\\\/10\\\/une-fusee-labellisee-pass-french-tech\\\/\"]}]},{\"@type\":\"ImageObject\",\"inLanguage\":\"fr-FR\",\"@id\":\"https:\\\/\\\/www.teachonmars.com\\\/fr\\\/blog\\\/2018\\\/10\\\/une-fusee-labellisee-pass-french-tech\\\/#primaryimage\",\"url\":\"https:\\\/\\\/www.teachonmars.com\\\/wp-content\\\/uploads\\\/2018\\\/10\\\/banner-pass-french-tech-1.jpg\",\"contentUrl\":\"https:\\\/\\\/www.teachonmars.com\\\/wp-content\\\/uploads\\\/2018\\\/10\\\/banner-pass-french-tech-1.jpg\",\"width\":700,\"height\":336,\"caption\":\"label pass french tech\"},{\"@type\":\"BreadcrumbList\",\"@id\":\"https:\\\/\\\/www.teachonmars.com\\\/fr\\\/blog\\\/2018\\\/10\\\/une-fusee-labellisee-pass-french-tech\\\/#breadcrumb\",\"itemListElement\":[{\"@type\":\"ListItem\",\"position\":1,\"name\":\"Accueil\",\"item\":\"https:\\\/\\\/www.teachonmars.com\\\/fr\\\/\"},{\"@type\":\"ListItem\",\"position\":2,\"name\":\"Actualit\u00e9 Teach on Mars\",\"item\":\"https:\\\/\\\/www.teachonmars.com\\\/fr\\\/blog\\\/categorie\\\/actualite-teach-on-mars\\\/\"},{\"@type\":\"ListItem\",\"position\":3,\"name\":\"Une fus\u00e9e labellis\u00e9e Pass French Tech\"}]},{\"@type\":\"WebSite\",\"@id\":\"https:\\\/\\\/www.teachonmars.com\\\/fr\\\/#website\",\"url\":\"https:\\\/\\\/www.teachonmars.com\\\/fr\\\/\",\"name\":\"Teach on Mars\",\"description\":\"More Learning Moments. Better Future.\",\"publisher\":{\"@id\":\"https:\\\/\\\/www.teachonmars.com\\\/fr\\\/#organization\"},\"potentialAction\":[{\"@type\":\"SearchAction\",\"target\":{\"@type\":\"EntryPoint\",\"urlTemplate\":\"https:\\\/\\\/www.teachonmars.com\\\/fr\\\/?s={search_term_string}\"},\"query-input\":{\"@type\":\"PropertyValueSpecification\",\"valueRequired\":true,\"valueName\":\"search_term_string\"}}],\"inLanguage\":\"fr-FR\"},{\"@type\":\"Organization\",\"@id\":\"https:\\\/\\\/www.teachonmars.com\\\/fr\\\/#organization\",\"name\":\"Teach on Mars\",\"url\":\"https:\\\/\\\/www.teachonmars.com\\\/fr\\\/\",\"logo\":{\"@type\":\"ImageObject\",\"inLanguage\":\"fr-FR\",\"@id\":\"https:\\\/\\\/www.teachonmars.com\\\/fr\\\/#\\\/schema\\\/logo\\\/image\\\/\",\"url\":\"https:\\\/\\\/www.teachonmars.com\\\/wp-content\\\/uploads\\\/2024\\\/04\\\/logo-Teach-on-march-by-lumapps-1.png\",\"contentUrl\":\"https:\\\/\\\/www.teachonmars.com\\\/wp-content\\\/uploads\\\/2024\\\/04\\\/logo-Teach-on-march-by-lumapps-1.png\",\"width\":1052,\"height\":194,\"caption\":\"Teach on Mars\"},\"image\":{\"@id\":\"https:\\\/\\\/www.teachonmars.com\\\/fr\\\/#\\\/schema\\\/logo\\\/image\\\/\"},\"sameAs\":[\"https:\\\/\\\/www.facebook.com\\\/teachonmars.fr\\\/\",\"https:\\\/\\\/x.com\\\/TeachonMarsfr\",\"https:\\\/\\\/www.linkedin.com\\\/company\\\/teach-on-mars\\\/\"]},{\"@type\":\"Person\",\"@id\":\"https:\\\/\\\/www.teachonmars.com\\\/fr\\\/#\\\/schema\\\/person\\\/16dcef3ce288dfad248750f5faf773b0\",\"name\":\"No\u00e9mie Bertrand\",\"image\":{\"@type\":\"ImageObject\",\"inLanguage\":\"fr-FR\",\"@id\":\"https:\\\/\\\/secure.gravatar.com\\\/avatar\\\/a2b54f44b357662492b910a32988d2d988811fe3b519af68426bd3262387ab48?s=96&d=mm&r=g\",\"url\":\"https:\\\/\\\/secure.gravatar.com\\\/avatar\\\/a2b54f44b357662492b910a32988d2d988811fe3b519af68426bd3262387ab48?s=96&d=mm&r=g\",\"contentUrl\":\"https:\\\/\\\/secure.gravatar.com\\\/avatar\\\/a2b54f44b357662492b910a32988d2d988811fe3b519af68426bd3262387ab48?s=96&d=mm&r=g\",\"caption\":\"No\u00e9mie Bertrand\"},\"description\":\"Dipl\u00f4m\u00e9e d\u2019\u00e9cole de commerce et passionn\u00e9e par les innovations du num\u00e9rique, No\u00e9mie a enfil\u00e9 son scaphandre et rejoint l\u2019\u00e9quipe Teach on Mars au poste de Content Manager. Elle intervient en marketing et \u00e9v\u00e9nementiel tout en contribuant \u00e0 Teach on Earth, une initiative sociale et environnementale.\"}]}<\/script>\n<!-- \/ Yoast SEO Premium plugin. -->","yoast_head_json":{"title":"Une fus\u00e9e labellis\u00e9e Pass French Tech - Teach on Mars","description":"Teach on Mars a re\u00e7u le dipl\u00f4me dipl\u00f4me de la promotion 2017-2018 du Pass French Tech le 24 septembre 2018, par Mounir MAHJOUBI, au Palais de l\u2019Elys\u00e9e.","robots":{"index":"noindex","follow":"follow"},"og_locale":"fr_FR","og_type":"article","og_title":"Une fus\u00e9e labellis\u00e9e Pass French Tech","og_description":"Teach on Mars a re\u00e7u le dipl\u00f4me dipl\u00f4me de la promotion 2017-2018 du Pass French Tech le 24 septembre 2018, par Mounir MAHJOUBI, au Palais de l\u2019Elys\u00e9e.","og_url":"https:\/\/www.teachonmars.com\/fr\/blog\/2018\/10\/une-fusee-labellisee-pass-french-tech\/","og_site_name":"Teach on Mars","article_publisher":"https:\/\/www.facebook.com\/teachonmars.fr\/","article_published_time":"2018-10-11T08:45:37+00:00","article_modified_time":"2022-06-06T14:43:29+00:00","og_image":[{"width":700,"height":336,"url":"https:\/\/www.teachonmars.com\/wp-content\/uploads\/2018\/10\/banner-pass-french-tech-1.jpg","type":"image\/jpeg"}],"author":"No\u00e9mie Bertrand","twitter_card":"summary_large_image","twitter_creator":"@TeachonMarsfr","twitter_site":"@TeachonMarsfr","twitter_misc":{"\u00c9crit par":"No\u00e9mie Bertrand","Dur\u00e9e de lecture estim\u00e9e":"1 minute"},"schema":{"@context":"https:\/\/schema.org","@graph":[{"@type":"Article","@id":"https:\/\/www.teachonmars.com\/fr\/blog\/2018\/10\/une-fusee-labellisee-pass-french-tech\/#article","isPartOf":{"@id":"https:\/\/www.teachonmars.com\/fr\/blog\/2018\/10\/une-fusee-labellisee-pass-french-tech\/"},"author":{"name":"No\u00e9mie Bertrand","@id":"https:\/\/www.teachonmars.com\/fr\/#\/schema\/person\/16dcef3ce288dfad248750f5faf773b0"},"headline":"Une fus\u00e9e labellis\u00e9e Pass French Tech","datePublished":"2018-10-11T08:45:37+00:00","dateModified":"2022-06-06T14:43:29+00:00","mainEntityOfPage":{"@id":"https:\/\/www.teachonmars.com\/fr\/blog\/2018\/10\/une-fusee-labellisee-pass-french-tech\/"},"wordCount":283,"commentCount":0,"publisher":{"@id":"https:\/\/www.teachonmars.com\/fr\/#organization"},"image":{"@id":"https:\/\/www.teachonmars.com\/fr\/blog\/2018\/10\/une-fusee-labellisee-pass-french-tech\/#primaryimage"},"thumbnailUrl":"https:\/\/www.teachonmars.com\/wp-content\/uploads\/2018\/10\/banner-pass-french-tech-1.jpg","articleSection":["Actualit\u00e9 Teach on Mars"],"inLanguage":"fr-FR","potentialAction":[{"@type":"CommentAction","name":"Comment","target":["https:\/\/www.teachonmars.com\/fr\/blog\/2018\/10\/une-fusee-labellisee-pass-french-tech\/#respond"]}]},{"@type":"WebPage","@id":"https:\/\/www.teachonmars.com\/fr\/blog\/2018\/10\/une-fusee-labellisee-pass-french-tech\/","url":"https:\/\/www.teachonmars.com\/fr\/blog\/2018\/10\/une-fusee-labellisee-pass-french-tech\/","name":"Une fus\u00e9e labellis\u00e9e Pass French Tech - Teach on Mars","isPartOf":{"@id":"https:\/\/www.teachonmars.com\/fr\/#website"},"primaryImageOfPage":{"@id":"https:\/\/www.teachonmars.com\/fr\/blog\/2018\/10\/une-fusee-labellisee-pass-french-tech\/#primaryimage"},"image":{"@id":"https:\/\/www.teachonmars.com\/fr\/blog\/2018\/10\/une-fusee-labellisee-pass-french-tech\/#primaryimage"},"thumbnailUrl":"https:\/\/www.teachonmars.com\/wp-content\/uploads\/2018\/10\/banner-pass-french-tech-1.jpg","datePublished":"2018-10-11T08:45:37+00:00","dateModified":"2022-06-06T14:43:29+00:00","description":"Teach on Mars a re\u00e7u le dipl\u00f4me dipl\u00f4me de la promotion 2017-2018 du Pass French Tech le 24 septembre 2018, par Mounir MAHJOUBI, au Palais de l\u2019Elys\u00e9e.","breadcrumb":{"@id":"https:\/\/www.teachonmars.com\/fr\/blog\/2018\/10\/une-fusee-labellisee-pass-french-tech\/#breadcrumb"},"inLanguage":"fr-FR","potentialAction":[{"@type":"ReadAction","target":["https:\/\/www.teachonmars.com\/fr\/blog\/2018\/10\/une-fusee-labellisee-pass-french-tech\/"]}]},{"@type":"ImageObject","inLanguage":"fr-FR","@id":"https:\/\/www.teachonmars.com\/fr\/blog\/2018\/10\/une-fusee-labellisee-pass-french-tech\/#primaryimage","url":"https:\/\/www.teachonmars.com\/wp-content\/uploads\/2018\/10\/banner-pass-french-tech-1.jpg","contentUrl":"https:\/\/www.teachonmars.com\/wp-content\/uploads\/2018\/10\/banner-pass-french-tech-1.jpg","width":700,"height":336,"caption":"label pass french tech"},{"@type":"BreadcrumbList","@id":"https:\/\/www.teachonmars.com\/fr\/blog\/2018\/10\/une-fusee-labellisee-pass-french-tech\/#breadcrumb","itemListElement":[{"@type":"ListItem","position":1,"name":"Accueil","item":"https:\/\/www.teachonmars.com\/fr\/"},{"@type":"ListItem","position":2,"name":"Actualit\u00e9 Teach on Mars","item":"https:\/\/www.teachonmars.com\/fr\/blog\/categorie\/actualite-teach-on-mars\/"},{"@type":"ListItem","position":3,"name":"Une fus\u00e9e labellis\u00e9e Pass French Tech"}]},{"@type":"WebSite","@id":"https:\/\/www.teachonmars.com\/fr\/#website","url":"https:\/\/www.teachonmars.com\/fr\/","name":"Teach on Mars","description":"More Learning Moments. Better Future.","publisher":{"@id":"https:\/\/www.teachonmars.com\/fr\/#organization"},"potentialAction":[{"@type":"SearchAction","target":{"@type":"EntryPoint","urlTemplate":"https:\/\/www.teachonmars.com\/fr\/?s={search_term_string}"},"query-input":{"@type":"PropertyValueSpecification","valueRequired":true,"valueName":"search_term_string"}}],"inLanguage":"fr-FR"},{"@type":"Organization","@id":"https:\/\/www.teachonmars.com\/fr\/#organization","name":"Teach on Mars","url":"https:\/\/www.teachonmars.com\/fr\/","logo":{"@type":"ImageObject","inLanguage":"fr-FR","@id":"https:\/\/www.teachonmars.com\/fr\/#\/schema\/logo\/image\/","url":"https:\/\/www.teachonmars.com\/wp-content\/uploads\/2024\/04\/logo-Teach-on-march-by-lumapps-1.png","contentUrl":"https:\/\/www.teachonmars.com\/wp-content\/uploads\/2024\/04\/logo-Teach-on-march-by-lumapps-1.png","width":1052,"height":194,"caption":"Teach on Mars"},"image":{"@id":"https:\/\/www.teachonmars.com\/fr\/#\/schema\/logo\/image\/"},"sameAs":["https:\/\/www.facebook.com\/teachonmars.fr\/","https:\/\/x.com\/TeachonMarsfr","https:\/\/www.linkedin.com\/company\/teach-on-mars\/"]},{"@type":"Person","@id":"https:\/\/www.teachonmars.com\/fr\/#\/schema\/person\/16dcef3ce288dfad248750f5faf773b0","name":"No\u00e9mie Bertrand","image":{"@type":"ImageObject","inLanguage":"fr-FR","@id":"https:\/\/secure.gravatar.com\/avatar\/a2b54f44b357662492b910a32988d2d988811fe3b519af68426bd3262387ab48?s=96&d=mm&r=g","url":"https:\/\/secure.gravatar.com\/avatar\/a2b54f44b357662492b910a32988d2d988811fe3b519af68426bd3262387ab48?s=96&d=mm&r=g","contentUrl":"https:\/\/secure.gravatar.com\/avatar\/a2b54f44b357662492b910a32988d2d988811fe3b519af68426bd3262387ab48?s=96&d=mm&r=g","caption":"No\u00e9mie Bertrand"},"description":"Dipl\u00f4m\u00e9e d\u2019\u00e9cole de commerce et passionn\u00e9e par les innovations du num\u00e9rique, No\u00e9mie a enfil\u00e9 son scaphandre et rejoint l\u2019\u00e9quipe Teach on Mars au poste de Content Manager. Elle intervient en marketing et \u00e9v\u00e9nementiel tout en contribuant \u00e0 Teach on Earth, une initiative sociale et environnementale."}]}},"_links":{"self":[{"href":"https:\/\/www.teachonmars.com\/fr\/wp-json\/wp\/v2\/posts\/8607","targetHints":{"allow":["GET"]}}],"collection":[{"href":"https:\/\/www.teachonmars.com\/fr\/wp-json\/wp\/v2\/posts"}],"about":[{"href":"https:\/\/www.teachonmars.com\/fr\/wp-json\/wp\/v2\/types\/post"}],"author":[{"embeddable":true,"href":"https:\/\/www.teachonmars.com\/fr\/wp-json\/wp\/v2\/users\/17"}],"replies":[{"embeddable":true,"href":"https:\/\/www.teachonmars.com\/fr\/wp-json\/wp\/v2\/comments?post=8607"}],"version-history":[{"count":0,"href":"https:\/\/www.teachonmars.com\/fr\/wp-json\/wp\/v2\/posts\/8607\/revisions"}],"wp:featuredmedia":[{"embeddable":true,"href":"https:\/\/www.teachonmars.com\/fr\/wp-json\/wp\/v2\/media\/12256"}],"wp:attachment":[{"href":"https:\/\/www.teachonmars.com\/fr\/wp-json\/wp\/v2\/media?parent=8607"}],"wp:term":[{"taxonomy":"category","embeddable":true,"href":"https:\/\/www.teachonmars.com\/fr\/wp-json\/wp\/v2\/categories?post=8607"},{"taxonomy":"post_tag","embeddable":true,"href":"https:\/\/www.teachonmars.com\/fr\/wp-json\/wp\/v2\/tags?post=8607"}],"curies":[{"name":"wp","href":"https:\/\/api.w.org\/{rel}","templated":true}]}}