{"id":8276,"date":"2018-07-26T09:10:04","date_gmt":"2018-07-26T07:10:04","guid":{"rendered":"https:\/\/www.teachonmars.com\/blog\/?p=8276"},"modified":"2022-05-27T17:58:51","modified_gmt":"2022-05-27T15:58:51","slug":"objectif-mars-atteint-pour-la-2nde-edition-de-luniversite-dete-du-mobile-learning-2","status":"publish","type":"post","link":"https:\/\/www.teachonmars.com\/fr\/blog\/2018\/07\/objectif-mars-atteint-pour-la-2nde-edition-de-luniversite-dete-du-mobile-learning-2\/","title":{"rendered":"Objectif Mars atteint pour la 2nde \u00e9dition de l\u2019Universit\u00e9 d\u2019\u00c9t\u00e9 du Mobile Learning\u00a0!"},"content":{"rendered":"<p>Les 4 et 5 juillet derniers s\u2019est tenu l\u2019\u00e9v\u00e9nement client incontournable et maintenant inscrit dans l\u2019histoire de Teach on Mars, l\u2019<a href=\"https:\/\/summer-university.teachonmars.com\" target=\"_blank\" rel=\"noopener noreferrer\">Universit\u00e9 d\u2019\u00c9t\u00e9 du Mobile Learning<\/a>. Cette seconde \u00e9dition a rassembl\u00e9 une quarantaine de Digital Learning Managers issus de grandes entreprises et des intervenants internationaux pour deux jours d\u2019\u00e9changes et de partages d\u2019exp\u00e9riences.<\/p>\n<p><iframe loading=\"lazy\" title=\"2\u00e8me \u00e9dition de l&#039;Universit\u00e9 d&#039;\u00c9t\u00e9 du Mobile Learning\" width=\"1080\" height=\"608\" src=\"https:\/\/www.youtube.com\/embed\/K1oRBXPdTvs?feature=oembed\"  allow=\"accelerometer; autoplay; clipboard-write; encrypted-media; gyroscope; picture-in-picture; web-share\" referrerpolicy=\"strict-origin-when-cross-origin\" allowfullscreen><\/iframe><\/p>\n<p>Mercredi 4 juillet \u00e0 l\u2019h\u00f4tel Beachcomber, l\u2019Universit\u00e9 d\u2019\u00c9t\u00e9 du Mobile Learning saison 2 est officiellement lanc\u00e9e avec l\u2019accueil des participants autour d\u2019un lunch convivial sous le soleil azur\u00e9en.<\/p>\n<blockquote class=\"twitter-tweet\" data-width=\"550\" data-dnt=\"true\">\n<p lang=\"fr\" dir=\"ltr\">La seconde \u00e9dition de l\u2019Universit\u00e9 d\u2019\u00c9t\u00e9 du <a href=\"https:\/\/twitter.com\/hashtag\/Mobile?src=hash&amp;ref_src=twsrc%5Etfw\">#Mobile<\/a> <a href=\"https:\/\/twitter.com\/hashtag\/Learning?src=hash&amp;ref_src=twsrc%5Etfw\">#Learning<\/a> est officiellement lanc\u00e9e <a href=\"https:\/\/twitter.com\/hashtag\/UEML18?src=hash&amp;ref_src=twsrc%5Etfw\">#UEML18<\/a> <a href=\"https:\/\/twitter.com\/hashtag\/mobilelearning?src=hash&amp;ref_src=twsrc%5Etfw\">#mobilelearning<\/a> <a href=\"https:\/\/t.co\/isGMYFxnw3\">pic.twitter.com\/isGMYFxnw3<\/a><\/p>\n<p>&mdash; Teach on Mars FR (@TeachonMarsfr) <a href=\"https:\/\/twitter.com\/TeachonMarsfr\/status\/1014468271104581632?ref_src=twsrc%5Etfw\">July 4, 2018<\/a><\/p><\/blockquote>\n<p><script async src=\"https:\/\/platform.twitter.com\/widgets.js\" charset=\"utf-8\"><\/script><\/p>\n<h2>Hello world.<\/h2>\n<p>Comme il est maintenant coutume de le faire, c\u2019est \u00e0 Vincent Desnot, CEO et co-fondateur de <a href=\"https:\/\/www.teachonmars.com\/produit\" target=\"_blank\" rel=\"noopener noreferrer\">Teach on Mars<\/a> d\u2019ouvrir le bal en souhaitant la bienvenue \u00e0 tous les participants.<\/p>\n<p>https:\/\/twitter.com\/teachonmarsen\/status\/1014494358291271681<\/p>\n<p>En introduction de cette nouvelle \u00e9dition, Vincent a souhait\u00e9 pr\u00e9senter les nouveaut\u00e9s et fonctionnalit\u00e9s \u00e0 venir au sein de la solution Teach on Mars pour garantir une exp\u00e9rience utilisateur optimale et sans cesse renouvel\u00e9e.<\/p>\n<div id=\"attachment_8285\" style=\"width: 712px\" class=\"wp-caption alignnone\"><a href=\"https:\/\/www.teachonmars.com\/blog\/wp-content\/uploads\/2018\/07\/UEML2018-Opening-VDesnot.jpg\"><img loading=\"lazy\" decoding=\"async\" aria-describedby=\"caption-attachment-8285\" class=\"wp-image-8285 size-large\" src=\"https:\/\/www.teachonmars.com\/blog\/wp-content\/uploads\/2018\/07\/UEML2018-Opening-VDesnot-1024x743.jpg\" alt=\"Sketchote de la conf\u00e9rence Welcome to the Mobile Learning Summer University&quot; de Vincent Desnot\" width=\"702\" height=\"509\" \/><\/a><p id=\"caption-attachment-8285\" class=\"wp-caption-text\">Sketchnote de la conf\u00e9rence \u00ab\u00a0Welcome to the Mobile Learning Summer University\u00a0\u00bb de Vincent Desnot (par Estelle Routier, Directrice Artistique chez Teach on Mars)<\/p><\/div>\n<p>\u00ab\u00a0Tendances RH en France et r\u00e9forme de la formation\u00a0: quels impacts sur le digital learning\u00a0?\u00a0\u00bb, c\u2019est la th\u00e9matique de la premi\u00e8re table ronde, anim\u00e9e par J\u00e9r\u00f4me Wargnier, Head of Education chez Teach on Mars. A\u00efda Diab, Directrice de l\u2019<a href=\"http:\/\/asfored.org\/\" target=\"_blank\" rel=\"noopener noreferrer\">Asfored<\/a> et Michel Barbier, Responsable du P\u00f4le Innovation RH \u00e0 la <a href=\"https:\/\/www.sncf.com\/fr\" target=\"_blank\" rel=\"noopener noreferrer\">SNCF<\/a> sont invit\u00e9s \u00e0 la table de J\u00e9r\u00f4me pour donner leurs avis respectifs sur les impacts de cette r\u00e9forme au travail et faire un retour sur leurs propres exp\u00e9riences.<\/p>\n<div id=\"attachment_8288\" style=\"width: 712px\" class=\"wp-caption alignnone\"><a href=\"https:\/\/www.teachonmars.com\/blog\/wp-content\/uploads\/2018\/07\/UEML2018-TableRonde.jpg\"><img loading=\"lazy\" decoding=\"async\" aria-describedby=\"caption-attachment-8288\" class=\"size-large wp-image-8288\" src=\"https:\/\/www.teachonmars.com\/blog\/wp-content\/uploads\/2018\/07\/UEML2018-TableRonde-1024x737.jpg\" alt=\"Sketchote de la table ronde &quot;Tendances RH et r\u00e9forme de la formation&quot; anim\u00e9e par J\u00e9r\u00f4me Wargnier\" width=\"702\" height=\"505\" \/><\/a><p id=\"caption-attachment-8288\" class=\"wp-caption-text\">Sketchnote de la table ronde \u00ab\u00a0Tendances RH et r\u00e9forme de la formation\u00a0\u00bb anim\u00e9e par J\u00e9r\u00f4me Wargnier (par Estelle Routier, Directrice Artistique chez Teach on Mars)<\/p><\/div>\n<p>Une grande premi\u00e8re cette ann\u00e9e, Teach on Mars a d\u00e9cid\u00e9 de se tourner vers un public international et a convi\u00e9 des intervenants anglophones. C\u2019est donc Tony Small, Managing Director chez Inova qui nous fait le plaisir d\u2019animer une conf\u00e9rence sur les tendances de la formation, cette fois-ci, au Royaume-Uni et ouvre le d\u00e9bat sur les diff\u00e9rences avec la France.<\/p>\n<p><em>Time to play!<\/em> Il est maintenant temps pour les participants, r\u00e9partis en diff\u00e9rentes \u00e9quipes de s\u2019adonner \u00e0 l\u2019atelier vid\u00e9o pour les 45 prochaines minutes. Le principe\u00a0? Promouvoir la meilleure application de mobile learning via une vid\u00e9o de moins de 2 minutes\u00a0! Verdict\u00a0: un beau travail d\u2019\u00e9quipe, des participants convaincants, impliqu\u00e9s, tout \u00e7a avec un petit grain de folie et une bonne dose de fous rires !<\/p>\n<p>Pour finir en beaut\u00e9 cette premi\u00e8re journ\u00e9e, les participants rejoignent l\u2019\u00e9quipe de martiens au restaurant de la Plage Keller au Cap d\u2019Antibes. L\u2019occasion pour tout le monde d\u2019\u00e9changer sur ce qui a \u00e9t\u00e9 vu et exp\u00e9riment\u00e9 ce jour autour d&rsquo;un diner dans un cadre privil\u00e9gi\u00e9 de la C\u00f4te d\u2019Azur.<\/p>\n<h2>La formation \u00e0 l&rsquo;heure de l&rsquo;intelligence artificielle et de la curation de contenu<\/h2>\n<p>Mercredi 5 juillet, il est 9 heures, les participants sont r\u00e9partis en 3 groupes pour r\u00e9fl\u00e9chir au sein d&rsquo;ateliers programm\u00e9s sur la matin\u00e9e. Jusqu\u2019\u00e0 midi, les participants \u00e9changent sur les m\u00e9thodes de storytelling \u00e0 appliquer et \u00e0 adapter en fonction du cycle d\u2019apprentissage de l\u2019apprenant. Ils se livrent \u00e0 la conception et \u00e0 la pr\u00e9sentation de la fonctionnalit\u00e9 mobile de leurs r\u00eaves. Ils \u00e9changent sur les besoins et missions du Digital Learning Manager du futur.<\/p>\n<p>Pour entamer cette derni\u00e8re demi-journ\u00e9e, c\u2019est au tour d\u2019Oscar Rodriguez Rocha, Research Engineer \u00e0 l\u2019<a href=\"https:\/\/www.inria.fr\/\" target=\"_blank\" rel=\"noopener noreferrer\">Inria<\/a> de prendre la parole. \u00c0 quoi ressemblera la formation de demain\u00a0? Qu\u2019est-ce que l\u2019intelligence artificielle est en mesure d\u2019apporter \u00e0 l\u2019enseignement\u00a0?&#8230; Ce sont les questions qu\u2019Oscar soul\u00e8ve lors de sa conf\u00e9rence et dont vous pourrez tr\u00e8s prochainement retrouver le contenu en vid\u00e9o sur notre blog.<\/p>\n<div id=\"attachment_8291\" style=\"width: 712px\" class=\"wp-caption alignnone\"><a href=\"https:\/\/www.teachonmars.com\/blog\/wp-content\/uploads\/2018\/07\/UEML2018-Conf-Inria.jpg\"><img loading=\"lazy\" decoding=\"async\" aria-describedby=\"caption-attachment-8291\" class=\"size-large wp-image-8291\" src=\"https:\/\/www.teachonmars.com\/blog\/wp-content\/uploads\/2018\/07\/UEML2018-Conf-Inria-1024x742.jpg\" alt=\"Sketchote de la conf\u00e9rence &quot;La formation \u00e0 l\u2019\u00e8re de l\u2019intelligence artificielle&quot; d'Oscar Rodriguez Rocha\" width=\"702\" height=\"509\" \/><\/a><p id=\"caption-attachment-8291\" class=\"wp-caption-text\">Sketchnote de la conf\u00e9rence \u00ab\u00a0La formation \u00e0 l\u2019\u00e8re de l\u2019intelligence artificielle\u00a0\u00bb d&rsquo;Oscar Rodriguez Rocha (par Estelle Routier, Directrice Artistique chez Teach on Mars)<\/p><\/div>\n<p>En guise de derni\u00e8re table ronde, Teach on Mars a souhait\u00e9 aborder le sujet de la curation de contenu. C\u2019est donc tout naturellement que la startup s&rsquo;est tourn\u00e9e vers Stephen Walsh, co-fondateur et CEO d\u2019<a href=\"https:\/\/www.teachonmars.com\/blog\/2018\/06\/strategie-digital-content-partenariat-entre-teach-on-mars-et-anders-pink\/\" target=\"_blank\" rel=\"noopener noreferrer\">Anders Pink<\/a>. Stephen a expos\u00e9 les perspectives d\u2019apprentissage que permettent la curation de contenu et les fonctionnalit\u00e9s possibles.<\/p>\n<div id=\"attachment_8294\" style=\"width: 712px\" class=\"wp-caption alignnone\"><a href=\"https:\/\/www.teachonmars.com\/blog\/wp-content\/uploads\/2018\/07\/UEML2018-Conf-SWalsh.jpg\"><img loading=\"lazy\" decoding=\"async\" aria-describedby=\"caption-attachment-8294\" class=\"size-large wp-image-8294\" src=\"https:\/\/www.teachonmars.com\/blog\/wp-content\/uploads\/2018\/07\/UEML2018-Conf-SWalsh-1024x741.jpg\" alt=\"Sketchnote de la table ronde &quot;Digital Content Strategies for Learning&quot; anim\u00e9e par Stephen Walsh\" width=\"702\" height=\"508\" \/><\/a><p id=\"caption-attachment-8294\" class=\"wp-caption-text\">Sketchnote de la table ronde \u00ab\u00a0Digital Content Strategies for Learning\u00a0\u00bb anim\u00e9e par Stephen Walsh (par Estelle Routier, Directrice Artistique chez Teach on Mars)<\/p><\/div>\n<p>Ces 2 jours de conf\u00e9rences, tables rondes et ateliers sont ponctu\u00e9s de pauses durant lesquelles plusieurs de nos clients comme <a href=\"https:\/\/www.teachonmars.com\/blog\/2018\/03\/acqua-di-parma-entre-dans-un-nouveau-monde-avec-le-mobile-learning\/\" target=\"_blank\" rel=\"noopener noreferrer\">Acqua di Parma<\/a>, <a href=\"https:\/\/www.teachonmars.com\/blog\/2018\/06\/campus-mobile-la-formation-dans-le-creux-de-la-main-des-collaborateurs-de-generale-de-telephone\/\" target=\"_blank\" rel=\"noopener noreferrer\">Orange<\/a>, <a href=\"https:\/\/www.teachonmars.com\/blog\/2018\/07\/bdigit-lapplication-dacculturation-au-digital-pour-les-106-000-collaborateurs-du-groupe-bpce\/\" target=\"_blank\" rel=\"noopener noreferrer\">Groupe BPCE<\/a>, <a href=\"https:\/\/www.teachonmars.com\/blog\/2018\/04\/learn-up-application-groupe-klepierre-pour-se-former\/\" target=\"_blank\" rel=\"noopener noreferrer\">Kl\u00e9pierre<\/a>\u00a0et d&rsquo;autres\u00a0nous font le plaisir de partager avec nous leurs retours d&rsquo;exp\u00e9riences.<\/p>\n<p>L\u2019\u00e9quipe Teach on Mars remercie ses participants d\u2019avoir fait de cette seconde \u00e9dition un \u00e9v\u00e9nement convivial et riche en partages d\u2019exp\u00e9riences et vous donne rendez-vous l\u2019ann\u00e9e prochaine\u00a0!<\/p>\n<p>Vous avez particip\u00e9 \u00e0 cette seconde \u00e9dition\u00a0? Retrouvez le contenu des conf\u00e9rences et ateliers sur l\u2019application Teach on Mars, t\u00e9l\u00e9chargeable sur<a href=\"https:\/\/itunes.apple.com\/fr\/app\/teach-on-mars\/id1136755987?mt=8\" target=\"_blank\" rel=\"noopener noreferrer\"> App Store<\/a> et<a href=\"https:\/\/play.google.com\/store\/apps\/details?id=com.teachonmars.tom.teachonmars&amp;hl=fr\" target=\"_blank\" rel=\"noopener noreferrer\"> Google Play<\/a>.<\/p>\n<p>&nbsp;<\/p>\n<p><strong>Verbatims des participants de l\u2019\u00e9dition 2018\u00a0:<\/strong><a href=\"https:\/\/www.teachonmars.com\/blog\/wp-content\/uploads\/2018\/07\/UEML-18.png\"><br \/>\n<\/a><\/p>\n<p><a href=\"https:\/\/www.teachonmars.com\/blog\/wp-content\/uploads\/2018\/07\/UEML-18-1.png\"><img loading=\"lazy\" decoding=\"async\" class=\"size-large wp-image-8311 aligncenter\" src=\"https:\/\/www.teachonmars.com\/blog\/wp-content\/uploads\/2018\/07\/UEML-18-1-410x1024.png\" alt=\"verbatims universite d'ete du mobile learning\" width=\"410\" height=\"1024\" \/><\/a><\/p>\n<p>&nbsp;<\/p>\n<p>Vous retrouverez dans nos futures newsletters le contenu des conf\u00e9rences ci-dessous :<\/p>\n<ul>\n<li>\u00ab Vue d\u2019Outre-Manche : les tendances de la formation au Royaume-Uni \u00bb<\/li>\n<li>\u00ab\u00a0Exp\u00e9riences d\u2019apprentissage non-lin\u00e9aires\u00a0: la formation \u00e0 l\u2019\u00e8re de l\u2019intelligence artificielle\u00a0\u00bb<\/li>\n<li>\u00ab\u00a0Sur-mesure, sur \u00e9tag\u00e8re ou curation de contenu ? construire une offre\u00a0<em>digital learning\u00a0<\/em>qui cartonne\u00a0\u00bb<\/li>\n<\/ul>\n","protected":false},"excerpt":{"rendered":"<p>Les 4 et 5 juillet derniers s\u2019est tenu l\u2019\u00e9v\u00e9nement client incontournable et maintenant inscrit dans l\u2019histoire de Teach on Mars, l\u2019Universit\u00e9 d\u2019\u00c9t\u00e9 du Mobile Learning. Cette seconde \u00e9dition a rassembl\u00e9 une quarantaine de Digital Learning Managers issus de grandes entreprises et des intervenants internationaux pour deux jours d\u2019\u00e9changes et de partages d\u2019exp\u00e9riences. Mercredi 4 juillet [&hellip;]<\/p>\n","protected":false},"author":17,"featured_media":12280,"comment_status":"open","ping_status":"closed","sticky":false,"template":"","format":"standard","meta":{"_et_pb_use_builder":"","_et_pb_old_content":"","_et_gb_content_width":"","footnotes":""},"categories":[54],"tags":[],"class_list":["post-8276","post","type-post","status-publish","format-standard","has-post-thumbnail","hentry","category-actualite-teach-on-mars"],"yoast_head":"<!-- This site is optimized with the Yoast SEO Premium plugin v22.6 (Yoast SEO v27.5) - https:\/\/yoast.com\/product\/yoast-seo-premium-wordpress\/ -->\n<title>Objectif Mars atteint pour la 2nde \u00e9dition de l\u2019Universit\u00e9 d\u2019\u00c9t\u00e9 du Mobile Learning\u00a0! - Teach on Mars<\/title>\n<meta name=\"description\" content=\"La seconde \u00e9dition de l&#039;Universit\u00e9 d&#039;\u00c9t\u00e9 du Mobile Learning s&#039;est tenue les 4 et 5 juillet 2018 et a rassembl\u00e9 une trentaine de participants.\" \/>\n<meta name=\"robots\" content=\"noindex, follow\" \/>\n<meta property=\"og:locale\" content=\"fr_FR\" \/>\n<meta property=\"og:type\" content=\"article\" \/>\n<meta property=\"og:title\" content=\"Objectif Mars atteint pour la 2nde \u00e9dition de l\u2019Universit\u00e9 d\u2019\u00c9t\u00e9 du Mobile Learning\u00a0!\" \/>\n<meta property=\"og:description\" content=\"La seconde \u00e9dition de l&#039;Universit\u00e9 d&#039;\u00c9t\u00e9 du Mobile Learning s&#039;est tenue les 4 et 5 juillet 2018 et a rassembl\u00e9 une trentaine de participants.\" \/>\n<meta property=\"og:url\" content=\"https:\/\/www.teachonmars.com\/fr\/blog\/2018\/07\/objectif-mars-atteint-pour-la-2nde-edition-de-luniversite-dete-du-mobile-learning-2\/\" \/>\n<meta property=\"og:site_name\" content=\"Teach on Mars\" \/>\n<meta property=\"article:publisher\" content=\"https:\/\/www.facebook.com\/teachonmars.fr\/\" \/>\n<meta property=\"article:published_time\" content=\"2018-07-26T07:10:04+00:00\" \/>\n<meta property=\"article:modified_time\" content=\"2022-05-27T15:58:51+00:00\" \/>\n<meta property=\"og:image\" content=\"https:\/\/www.teachonmars.com\/wp-content\/uploads\/2018\/07\/photo-groupe-ueml-18.jpg\" \/>\n\t<meta property=\"og:image:width\" content=\"700\" \/>\n\t<meta property=\"og:image:height\" content=\"336\" \/>\n\t<meta property=\"og:image:type\" content=\"image\/jpeg\" \/>\n<meta name=\"author\" content=\"No\u00e9mie Bertrand\" \/>\n<meta name=\"twitter:card\" content=\"summary_large_image\" \/>\n<meta name=\"twitter:creator\" content=\"@TeachonMarsfr\" \/>\n<meta name=\"twitter:site\" content=\"@TeachonMarsfr\" \/>\n<meta name=\"twitter:label1\" content=\"\u00c9crit par\" \/>\n\t<meta name=\"twitter:data1\" content=\"No\u00e9mie Bertrand\" \/>\n\t<meta name=\"twitter:label2\" content=\"Dur\u00e9e de lecture estim\u00e9e\" \/>\n\t<meta name=\"twitter:data2\" content=\"5 minutes\" \/>\n<script type=\"application\/ld+json\" class=\"yoast-schema-graph\">{\"@context\":\"https:\\\/\\\/schema.org\",\"@graph\":[{\"@type\":\"Article\",\"@id\":\"https:\\\/\\\/www.teachonmars.com\\\/fr\\\/blog\\\/2018\\\/07\\\/objectif-mars-atteint-pour-la-2nde-edition-de-luniversite-dete-du-mobile-learning-2\\\/#article\",\"isPartOf\":{\"@id\":\"https:\\\/\\\/www.teachonmars.com\\\/fr\\\/blog\\\/2018\\\/07\\\/objectif-mars-atteint-pour-la-2nde-edition-de-luniversite-dete-du-mobile-learning-2\\\/\"},\"author\":{\"name\":\"No\u00e9mie Bertrand\",\"@id\":\"https:\\\/\\\/www.teachonmars.com\\\/fr\\\/#\\\/schema\\\/person\\\/16dcef3ce288dfad248750f5faf773b0\"},\"headline\":\"Objectif Mars atteint pour la 2nde \u00e9dition de l\u2019Universit\u00e9 d\u2019\u00c9t\u00e9 du Mobile Learning\u00a0!\",\"datePublished\":\"2018-07-26T07:10:04+00:00\",\"dateModified\":\"2022-05-27T15:58:51+00:00\",\"mainEntityOfPage\":{\"@id\":\"https:\\\/\\\/www.teachonmars.com\\\/fr\\\/blog\\\/2018\\\/07\\\/objectif-mars-atteint-pour-la-2nde-edition-de-luniversite-dete-du-mobile-learning-2\\\/\"},\"wordCount\":995,\"commentCount\":0,\"publisher\":{\"@id\":\"https:\\\/\\\/www.teachonmars.com\\\/fr\\\/#organization\"},\"image\":{\"@id\":\"https:\\\/\\\/www.teachonmars.com\\\/fr\\\/blog\\\/2018\\\/07\\\/objectif-mars-atteint-pour-la-2nde-edition-de-luniversite-dete-du-mobile-learning-2\\\/#primaryimage\"},\"thumbnailUrl\":\"https:\\\/\\\/www.teachonmars.com\\\/wp-content\\\/uploads\\\/2018\\\/07\\\/photo-groupe-ueml-18.jpg\",\"articleSection\":[\"Actualit\u00e9 Teach on Mars\"],\"inLanguage\":\"fr-FR\",\"potentialAction\":[{\"@type\":\"CommentAction\",\"name\":\"Comment\",\"target\":[\"https:\\\/\\\/www.teachonmars.com\\\/fr\\\/blog\\\/2018\\\/07\\\/objectif-mars-atteint-pour-la-2nde-edition-de-luniversite-dete-du-mobile-learning-2\\\/#respond\"]}]},{\"@type\":\"WebPage\",\"@id\":\"https:\\\/\\\/www.teachonmars.com\\\/fr\\\/blog\\\/2018\\\/07\\\/objectif-mars-atteint-pour-la-2nde-edition-de-luniversite-dete-du-mobile-learning-2\\\/\",\"url\":\"https:\\\/\\\/www.teachonmars.com\\\/fr\\\/blog\\\/2018\\\/07\\\/objectif-mars-atteint-pour-la-2nde-edition-de-luniversite-dete-du-mobile-learning-2\\\/\",\"name\":\"Objectif Mars atteint pour la 2nde \u00e9dition de l\u2019Universit\u00e9 d\u2019\u00c9t\u00e9 du Mobile Learning\u00a0! - Teach on Mars\",\"isPartOf\":{\"@id\":\"https:\\\/\\\/www.teachonmars.com\\\/fr\\\/#website\"},\"primaryImageOfPage\":{\"@id\":\"https:\\\/\\\/www.teachonmars.com\\\/fr\\\/blog\\\/2018\\\/07\\\/objectif-mars-atteint-pour-la-2nde-edition-de-luniversite-dete-du-mobile-learning-2\\\/#primaryimage\"},\"image\":{\"@id\":\"https:\\\/\\\/www.teachonmars.com\\\/fr\\\/blog\\\/2018\\\/07\\\/objectif-mars-atteint-pour-la-2nde-edition-de-luniversite-dete-du-mobile-learning-2\\\/#primaryimage\"},\"thumbnailUrl\":\"https:\\\/\\\/www.teachonmars.com\\\/wp-content\\\/uploads\\\/2018\\\/07\\\/photo-groupe-ueml-18.jpg\",\"datePublished\":\"2018-07-26T07:10:04+00:00\",\"dateModified\":\"2022-05-27T15:58:51+00:00\",\"description\":\"La seconde \u00e9dition de l'Universit\u00e9 d'\u00c9t\u00e9 du Mobile Learning s'est tenue les 4 et 5 juillet 2018 et a rassembl\u00e9 une trentaine de participants.\",\"breadcrumb\":{\"@id\":\"https:\\\/\\\/www.teachonmars.com\\\/fr\\\/blog\\\/2018\\\/07\\\/objectif-mars-atteint-pour-la-2nde-edition-de-luniversite-dete-du-mobile-learning-2\\\/#breadcrumb\"},\"inLanguage\":\"fr-FR\",\"potentialAction\":[{\"@type\":\"ReadAction\",\"target\":[\"https:\\\/\\\/www.teachonmars.com\\\/fr\\\/blog\\\/2018\\\/07\\\/objectif-mars-atteint-pour-la-2nde-edition-de-luniversite-dete-du-mobile-learning-2\\\/\"]}]},{\"@type\":\"ImageObject\",\"inLanguage\":\"fr-FR\",\"@id\":\"https:\\\/\\\/www.teachonmars.com\\\/fr\\\/blog\\\/2018\\\/07\\\/objectif-mars-atteint-pour-la-2nde-edition-de-luniversite-dete-du-mobile-learning-2\\\/#primaryimage\",\"url\":\"https:\\\/\\\/www.teachonmars.com\\\/wp-content\\\/uploads\\\/2018\\\/07\\\/photo-groupe-ueml-18.jpg\",\"contentUrl\":\"https:\\\/\\\/www.teachonmars.com\\\/wp-content\\\/uploads\\\/2018\\\/07\\\/photo-groupe-ueml-18.jpg\",\"width\":700,\"height\":336,\"caption\":\"universite ete mobile learning 2018\"},{\"@type\":\"BreadcrumbList\",\"@id\":\"https:\\\/\\\/www.teachonmars.com\\\/fr\\\/blog\\\/2018\\\/07\\\/objectif-mars-atteint-pour-la-2nde-edition-de-luniversite-dete-du-mobile-learning-2\\\/#breadcrumb\",\"itemListElement\":[{\"@type\":\"ListItem\",\"position\":1,\"name\":\"Accueil\",\"item\":\"https:\\\/\\\/www.teachonmars.com\\\/fr\\\/\"},{\"@type\":\"ListItem\",\"position\":2,\"name\":\"Actualit\u00e9 Teach on Mars\",\"item\":\"https:\\\/\\\/www.teachonmars.com\\\/fr\\\/blog\\\/categorie\\\/actualite-teach-on-mars\\\/\"},{\"@type\":\"ListItem\",\"position\":3,\"name\":\"Objectif Mars atteint pour la 2nde \u00e9dition de l\u2019Universit\u00e9 d\u2019\u00c9t\u00e9 du Mobile Learning\u00a0!\"}]},{\"@type\":\"WebSite\",\"@id\":\"https:\\\/\\\/www.teachonmars.com\\\/fr\\\/#website\",\"url\":\"https:\\\/\\\/www.teachonmars.com\\\/fr\\\/\",\"name\":\"Teach on Mars\",\"description\":\"More Learning Moments. Better Future.\",\"publisher\":{\"@id\":\"https:\\\/\\\/www.teachonmars.com\\\/fr\\\/#organization\"},\"potentialAction\":[{\"@type\":\"SearchAction\",\"target\":{\"@type\":\"EntryPoint\",\"urlTemplate\":\"https:\\\/\\\/www.teachonmars.com\\\/fr\\\/?s={search_term_string}\"},\"query-input\":{\"@type\":\"PropertyValueSpecification\",\"valueRequired\":true,\"valueName\":\"search_term_string\"}}],\"inLanguage\":\"fr-FR\"},{\"@type\":\"Organization\",\"@id\":\"https:\\\/\\\/www.teachonmars.com\\\/fr\\\/#organization\",\"name\":\"Teach on Mars\",\"url\":\"https:\\\/\\\/www.teachonmars.com\\\/fr\\\/\",\"logo\":{\"@type\":\"ImageObject\",\"inLanguage\":\"fr-FR\",\"@id\":\"https:\\\/\\\/www.teachonmars.com\\\/fr\\\/#\\\/schema\\\/logo\\\/image\\\/\",\"url\":\"https:\\\/\\\/www.teachonmars.com\\\/wp-content\\\/uploads\\\/2024\\\/04\\\/logo-Teach-on-march-by-lumapps-1.png\",\"contentUrl\":\"https:\\\/\\\/www.teachonmars.com\\\/wp-content\\\/uploads\\\/2024\\\/04\\\/logo-Teach-on-march-by-lumapps-1.png\",\"width\":1052,\"height\":194,\"caption\":\"Teach on Mars\"},\"image\":{\"@id\":\"https:\\\/\\\/www.teachonmars.com\\\/fr\\\/#\\\/schema\\\/logo\\\/image\\\/\"},\"sameAs\":[\"https:\\\/\\\/www.facebook.com\\\/teachonmars.fr\\\/\",\"https:\\\/\\\/x.com\\\/TeachonMarsfr\",\"https:\\\/\\\/www.linkedin.com\\\/company\\\/teach-on-mars\\\/\"]},{\"@type\":\"Person\",\"@id\":\"https:\\\/\\\/www.teachonmars.com\\\/fr\\\/#\\\/schema\\\/person\\\/16dcef3ce288dfad248750f5faf773b0\",\"name\":\"No\u00e9mie Bertrand\",\"image\":{\"@type\":\"ImageObject\",\"inLanguage\":\"fr-FR\",\"@id\":\"https:\\\/\\\/secure.gravatar.com\\\/avatar\\\/a2b54f44b357662492b910a32988d2d988811fe3b519af68426bd3262387ab48?s=96&d=mm&r=g\",\"url\":\"https:\\\/\\\/secure.gravatar.com\\\/avatar\\\/a2b54f44b357662492b910a32988d2d988811fe3b519af68426bd3262387ab48?s=96&d=mm&r=g\",\"contentUrl\":\"https:\\\/\\\/secure.gravatar.com\\\/avatar\\\/a2b54f44b357662492b910a32988d2d988811fe3b519af68426bd3262387ab48?s=96&d=mm&r=g\",\"caption\":\"No\u00e9mie Bertrand\"},\"description\":\"Dipl\u00f4m\u00e9e d\u2019\u00e9cole de commerce et passionn\u00e9e par les innovations du num\u00e9rique, No\u00e9mie a enfil\u00e9 son scaphandre et rejoint l\u2019\u00e9quipe Teach on Mars au poste de Content Manager. Elle intervient en marketing et \u00e9v\u00e9nementiel tout en contribuant \u00e0 Teach on Earth, une initiative sociale et environnementale.\"}]}<\/script>\n<!-- \/ Yoast SEO Premium plugin. -->","yoast_head_json":{"title":"Objectif Mars atteint pour la 2nde \u00e9dition de l\u2019Universit\u00e9 d\u2019\u00c9t\u00e9 du Mobile Learning\u00a0! - Teach on Mars","description":"La seconde \u00e9dition de l'Universit\u00e9 d'\u00c9t\u00e9 du Mobile Learning s'est tenue les 4 et 5 juillet 2018 et a rassembl\u00e9 une trentaine de participants.","robots":{"index":"noindex","follow":"follow"},"og_locale":"fr_FR","og_type":"article","og_title":"Objectif Mars atteint pour la 2nde \u00e9dition de l\u2019Universit\u00e9 d\u2019\u00c9t\u00e9 du Mobile Learning\u00a0!","og_description":"La seconde \u00e9dition de l'Universit\u00e9 d'\u00c9t\u00e9 du Mobile Learning s'est tenue les 4 et 5 juillet 2018 et a rassembl\u00e9 une trentaine de participants.","og_url":"https:\/\/www.teachonmars.com\/fr\/blog\/2018\/07\/objectif-mars-atteint-pour-la-2nde-edition-de-luniversite-dete-du-mobile-learning-2\/","og_site_name":"Teach on Mars","article_publisher":"https:\/\/www.facebook.com\/teachonmars.fr\/","article_published_time":"2018-07-26T07:10:04+00:00","article_modified_time":"2022-05-27T15:58:51+00:00","og_image":[{"width":700,"height":336,"url":"https:\/\/www.teachonmars.com\/wp-content\/uploads\/2018\/07\/photo-groupe-ueml-18.jpg","type":"image\/jpeg"}],"author":"No\u00e9mie Bertrand","twitter_card":"summary_large_image","twitter_creator":"@TeachonMarsfr","twitter_site":"@TeachonMarsfr","twitter_misc":{"\u00c9crit par":"No\u00e9mie Bertrand","Dur\u00e9e de lecture estim\u00e9e":"5 minutes"},"schema":{"@context":"https:\/\/schema.org","@graph":[{"@type":"Article","@id":"https:\/\/www.teachonmars.com\/fr\/blog\/2018\/07\/objectif-mars-atteint-pour-la-2nde-edition-de-luniversite-dete-du-mobile-learning-2\/#article","isPartOf":{"@id":"https:\/\/www.teachonmars.com\/fr\/blog\/2018\/07\/objectif-mars-atteint-pour-la-2nde-edition-de-luniversite-dete-du-mobile-learning-2\/"},"author":{"name":"No\u00e9mie Bertrand","@id":"https:\/\/www.teachonmars.com\/fr\/#\/schema\/person\/16dcef3ce288dfad248750f5faf773b0"},"headline":"Objectif Mars atteint pour la 2nde \u00e9dition de l\u2019Universit\u00e9 d\u2019\u00c9t\u00e9 du Mobile Learning\u00a0!","datePublished":"2018-07-26T07:10:04+00:00","dateModified":"2022-05-27T15:58:51+00:00","mainEntityOfPage":{"@id":"https:\/\/www.teachonmars.com\/fr\/blog\/2018\/07\/objectif-mars-atteint-pour-la-2nde-edition-de-luniversite-dete-du-mobile-learning-2\/"},"wordCount":995,"commentCount":0,"publisher":{"@id":"https:\/\/www.teachonmars.com\/fr\/#organization"},"image":{"@id":"https:\/\/www.teachonmars.com\/fr\/blog\/2018\/07\/objectif-mars-atteint-pour-la-2nde-edition-de-luniversite-dete-du-mobile-learning-2\/#primaryimage"},"thumbnailUrl":"https:\/\/www.teachonmars.com\/wp-content\/uploads\/2018\/07\/photo-groupe-ueml-18.jpg","articleSection":["Actualit\u00e9 Teach on Mars"],"inLanguage":"fr-FR","potentialAction":[{"@type":"CommentAction","name":"Comment","target":["https:\/\/www.teachonmars.com\/fr\/blog\/2018\/07\/objectif-mars-atteint-pour-la-2nde-edition-de-luniversite-dete-du-mobile-learning-2\/#respond"]}]},{"@type":"WebPage","@id":"https:\/\/www.teachonmars.com\/fr\/blog\/2018\/07\/objectif-mars-atteint-pour-la-2nde-edition-de-luniversite-dete-du-mobile-learning-2\/","url":"https:\/\/www.teachonmars.com\/fr\/blog\/2018\/07\/objectif-mars-atteint-pour-la-2nde-edition-de-luniversite-dete-du-mobile-learning-2\/","name":"Objectif Mars atteint pour la 2nde \u00e9dition de l\u2019Universit\u00e9 d\u2019\u00c9t\u00e9 du Mobile Learning\u00a0! - Teach on Mars","isPartOf":{"@id":"https:\/\/www.teachonmars.com\/fr\/#website"},"primaryImageOfPage":{"@id":"https:\/\/www.teachonmars.com\/fr\/blog\/2018\/07\/objectif-mars-atteint-pour-la-2nde-edition-de-luniversite-dete-du-mobile-learning-2\/#primaryimage"},"image":{"@id":"https:\/\/www.teachonmars.com\/fr\/blog\/2018\/07\/objectif-mars-atteint-pour-la-2nde-edition-de-luniversite-dete-du-mobile-learning-2\/#primaryimage"},"thumbnailUrl":"https:\/\/www.teachonmars.com\/wp-content\/uploads\/2018\/07\/photo-groupe-ueml-18.jpg","datePublished":"2018-07-26T07:10:04+00:00","dateModified":"2022-05-27T15:58:51+00:00","description":"La seconde \u00e9dition de l'Universit\u00e9 d'\u00c9t\u00e9 du Mobile Learning s'est tenue les 4 et 5 juillet 2018 et a rassembl\u00e9 une trentaine de participants.","breadcrumb":{"@id":"https:\/\/www.teachonmars.com\/fr\/blog\/2018\/07\/objectif-mars-atteint-pour-la-2nde-edition-de-luniversite-dete-du-mobile-learning-2\/#breadcrumb"},"inLanguage":"fr-FR","potentialAction":[{"@type":"ReadAction","target":["https:\/\/www.teachonmars.com\/fr\/blog\/2018\/07\/objectif-mars-atteint-pour-la-2nde-edition-de-luniversite-dete-du-mobile-learning-2\/"]}]},{"@type":"ImageObject","inLanguage":"fr-FR","@id":"https:\/\/www.teachonmars.com\/fr\/blog\/2018\/07\/objectif-mars-atteint-pour-la-2nde-edition-de-luniversite-dete-du-mobile-learning-2\/#primaryimage","url":"https:\/\/www.teachonmars.com\/wp-content\/uploads\/2018\/07\/photo-groupe-ueml-18.jpg","contentUrl":"https:\/\/www.teachonmars.com\/wp-content\/uploads\/2018\/07\/photo-groupe-ueml-18.jpg","width":700,"height":336,"caption":"universite ete mobile learning 2018"},{"@type":"BreadcrumbList","@id":"https:\/\/www.teachonmars.com\/fr\/blog\/2018\/07\/objectif-mars-atteint-pour-la-2nde-edition-de-luniversite-dete-du-mobile-learning-2\/#breadcrumb","itemListElement":[{"@type":"ListItem","position":1,"name":"Accueil","item":"https:\/\/www.teachonmars.com\/fr\/"},{"@type":"ListItem","position":2,"name":"Actualit\u00e9 Teach on Mars","item":"https:\/\/www.teachonmars.com\/fr\/blog\/categorie\/actualite-teach-on-mars\/"},{"@type":"ListItem","position":3,"name":"Objectif Mars atteint pour la 2nde \u00e9dition de l\u2019Universit\u00e9 d\u2019\u00c9t\u00e9 du Mobile Learning\u00a0!"}]},{"@type":"WebSite","@id":"https:\/\/www.teachonmars.com\/fr\/#website","url":"https:\/\/www.teachonmars.com\/fr\/","name":"Teach on Mars","description":"More Learning Moments. Better Future.","publisher":{"@id":"https:\/\/www.teachonmars.com\/fr\/#organization"},"potentialAction":[{"@type":"SearchAction","target":{"@type":"EntryPoint","urlTemplate":"https:\/\/www.teachonmars.com\/fr\/?s={search_term_string}"},"query-input":{"@type":"PropertyValueSpecification","valueRequired":true,"valueName":"search_term_string"}}],"inLanguage":"fr-FR"},{"@type":"Organization","@id":"https:\/\/www.teachonmars.com\/fr\/#organization","name":"Teach on Mars","url":"https:\/\/www.teachonmars.com\/fr\/","logo":{"@type":"ImageObject","inLanguage":"fr-FR","@id":"https:\/\/www.teachonmars.com\/fr\/#\/schema\/logo\/image\/","url":"https:\/\/www.teachonmars.com\/wp-content\/uploads\/2024\/04\/logo-Teach-on-march-by-lumapps-1.png","contentUrl":"https:\/\/www.teachonmars.com\/wp-content\/uploads\/2024\/04\/logo-Teach-on-march-by-lumapps-1.png","width":1052,"height":194,"caption":"Teach on Mars"},"image":{"@id":"https:\/\/www.teachonmars.com\/fr\/#\/schema\/logo\/image\/"},"sameAs":["https:\/\/www.facebook.com\/teachonmars.fr\/","https:\/\/x.com\/TeachonMarsfr","https:\/\/www.linkedin.com\/company\/teach-on-mars\/"]},{"@type":"Person","@id":"https:\/\/www.teachonmars.com\/fr\/#\/schema\/person\/16dcef3ce288dfad248750f5faf773b0","name":"No\u00e9mie Bertrand","image":{"@type":"ImageObject","inLanguage":"fr-FR","@id":"https:\/\/secure.gravatar.com\/avatar\/a2b54f44b357662492b910a32988d2d988811fe3b519af68426bd3262387ab48?s=96&d=mm&r=g","url":"https:\/\/secure.gravatar.com\/avatar\/a2b54f44b357662492b910a32988d2d988811fe3b519af68426bd3262387ab48?s=96&d=mm&r=g","contentUrl":"https:\/\/secure.gravatar.com\/avatar\/a2b54f44b357662492b910a32988d2d988811fe3b519af68426bd3262387ab48?s=96&d=mm&r=g","caption":"No\u00e9mie Bertrand"},"description":"Dipl\u00f4m\u00e9e d\u2019\u00e9cole de commerce et passionn\u00e9e par les innovations du num\u00e9rique, No\u00e9mie a enfil\u00e9 son scaphandre et rejoint l\u2019\u00e9quipe Teach on Mars au poste de Content Manager. Elle intervient en marketing et \u00e9v\u00e9nementiel tout en contribuant \u00e0 Teach on Earth, une initiative sociale et environnementale."}]}},"_links":{"self":[{"href":"https:\/\/www.teachonmars.com\/fr\/wp-json\/wp\/v2\/posts\/8276","targetHints":{"allow":["GET"]}}],"collection":[{"href":"https:\/\/www.teachonmars.com\/fr\/wp-json\/wp\/v2\/posts"}],"about":[{"href":"https:\/\/www.teachonmars.com\/fr\/wp-json\/wp\/v2\/types\/post"}],"author":[{"embeddable":true,"href":"https:\/\/www.teachonmars.com\/fr\/wp-json\/wp\/v2\/users\/17"}],"replies":[{"embeddable":true,"href":"https:\/\/www.teachonmars.com\/fr\/wp-json\/wp\/v2\/comments?post=8276"}],"version-history":[{"count":0,"href":"https:\/\/www.teachonmars.com\/fr\/wp-json\/wp\/v2\/posts\/8276\/revisions"}],"wp:featuredmedia":[{"embeddable":true,"href":"https:\/\/www.teachonmars.com\/fr\/wp-json\/wp\/v2\/media\/12280"}],"wp:attachment":[{"href":"https:\/\/www.teachonmars.com\/fr\/wp-json\/wp\/v2\/media?parent=8276"}],"wp:term":[{"taxonomy":"category","embeddable":true,"href":"https:\/\/www.teachonmars.com\/fr\/wp-json\/wp\/v2\/categories?post=8276"},{"taxonomy":"post_tag","embeddable":true,"href":"https:\/\/www.teachonmars.com\/fr\/wp-json\/wp\/v2\/tags?post=8276"}],"curies":[{"name":"wp","href":"https:\/\/api.w.org\/{rel}","templated":true}]}}