{"id":5915,"date":"2017-12-21T10:02:55","date_gmt":"2017-12-21T09:02:55","guid":{"rendered":"https:\/\/www.teachonmars.com\/blog\/?p=5915"},"modified":"2022-06-28T17:05:58","modified_gmt":"2022-06-28T15:05:58","slug":"les-nouveaux-espaces-de-travail-deuxieme-episode-de-la-serie-mars-attaque","status":"publish","type":"post","link":"https:\/\/www.teachonmars.com\/fr\/blog\/2017\/12\/les-nouveaux-espaces-de-travail-deuxieme-episode-de-la-serie-mars-attaque\/","title":{"rendered":"Les nouveaux espaces de travail, deuxi\u00e8me \u00e9pisode de la s\u00e9rie Mars Attaque"},"content":{"rendered":"<p>Apr\u00e8s les Millenials, la s\u00e9rie Mars Attaque s&rsquo;int\u00e9resse aux <strong>nouveaux espaces de travail<\/strong>. L&rsquo;arriv\u00e9e de la g\u00e9n\u00e9ration Y dans la vie professionnelle a profond\u00e9ment modifi\u00e9 les habitudes de travail et l&rsquo;environnement du bureau. Flex office, open-space, coworking&#8230; D\u00e9couvrez les derni\u00e8res tendances en termes d&rsquo;espaces de travail que proposent les entreprises \u00e0 leurs employ\u00e9s.<\/p>\n<div id=\"attachment_5918\" style=\"width: 1010px\" class=\"wp-caption aligncenter\"><a href=\"https:\/\/www.teachonmars.com\/blog\/wp-content\/uploads\/2017\/12\/ma2-1.png\"><img loading=\"lazy\" decoding=\"async\" aria-describedby=\"caption-attachment-5918\" class=\"size-full wp-image-5918\" src=\"https:\/\/www.teachonmars.com\/blog\/wp-content\/uploads\/2017\/12\/ma2-1.png\" alt=\"Mars Attaque #2 - Les nouveaux espaces de travail - Home page et Sushi Game\" width=\"1000\" height=\"500\" \/><\/a><p id=\"caption-attachment-5918\" class=\"wp-caption-text\">Un Sushi Game revisit\u00e9 version \u00ab\u00a0Office\u00a0\u00bb !<\/p><\/div>\n<p>Pour ce deuxi\u00e8me \u00e9pisode, Teach on Mars a fait appel \u00e0 Fabrice Marsella, \u00ab\u00a0Maire\u00a0\u00bb du <a href=\"http:\/\/www.levillagebyca.com\/\">Village by CA<\/a> de Paris pour t\u00e9moigner sur le succ\u00e8s des espaces de coworking qui apportent flexibilit\u00e9 et convivialit\u00e9 \u00e0 l&rsquo;espace de travail.<\/p>\n<p>Cynthia Bernard, fondatrice de <a href=\"https:\/\/www.homeleo.fr\/\">Homeleo<\/a>, chasseur immobilier, a \u00e9galement particip\u00e9 \u00e0 cet \u00e9pisode en d\u00e9voilant les espaces les plus demand\u00e9s&#8230; comme les plus farfelus !<\/p>\n<p>En mati\u00e8re d&rsquo;espaces de travail farfelus, les GAFA restent les champions.\u00a0Le salari\u00e9 devient aujourd&rsquo;hui le premier client d&rsquo;une entreprise, la premi\u00e8re personne \u00e0 s\u00e9duire et \u00e0 fid\u00e9liser, et l&rsquo;inspiration ne manque pas chez les concepteurs d&rsquo;espaces cr\u00e9atifs : du toboggan au dortoir fa\u00e7on \u00ab\u00a0filet de p\u00eache\u00a0\u00bb, en passant par les salles t\u00e9l\u00e9phoniques\/t\u00e9l\u00e9ph\u00e9riques&#8230;<\/p>\n<div id=\"attachment_5920\" style=\"width: 1010px\" class=\"wp-caption aligncenter\"><a href=\"https:\/\/www.teachonmars.com\/blog\/wp-content\/uploads\/2017\/12\/ma2-2.png\"><img loading=\"lazy\" decoding=\"async\" aria-describedby=\"caption-attachment-5920\" class=\"size-full wp-image-5920\" src=\"https:\/\/www.teachonmars.com\/blog\/wp-content\/uploads\/2017\/12\/ma2-2.png\" alt=\"Mars Attaque #2 - Les nouveaux espaces de travail - 3 screenshots de la formation\" width=\"1000\" height=\"500\" \/><\/a><p id=\"caption-attachment-5920\" class=\"wp-caption-text\">Des cours, des jeux, des quiz pour tout savoir sur les tendances en mati\u00e8re d&rsquo;environnement de travail<\/p><\/div>\n<p>Retrouvez toutes les tendances et des inspirations pour votre bureau, sous formes de cours, jeux et quiz, dans la nouvelle formation \u00ab\u00a0Les Nouveaux Espaces de Travail\u00a0\u00bb disponible sur<a href=\"https:\/\/www.teachonmars.com\"> l&rsquo;application Teach on Mars<\/a>.<\/p>\n<p>&nbsp;<\/p>\n","protected":false},"excerpt":{"rendered":"<p>Apr\u00e8s les Millenials, la s\u00e9rie Mars Attaque s&rsquo;int\u00e9resse aux nouveaux espaces de travail. L&rsquo;arriv\u00e9e de la g\u00e9n\u00e9ration Y dans la vie professionnelle a profond\u00e9ment modifi\u00e9 les habitudes de travail et l&rsquo;environnement du bureau. Flex office, open-space, coworking&#8230; D\u00e9couvrez les derni\u00e8res tendances en termes d&rsquo;espaces de travail que proposent les entreprises \u00e0 leurs employ\u00e9s. Pour ce [&hellip;]<\/p>\n","protected":false},"author":16,"featured_media":11409,"comment_status":"open","ping_status":"open","sticky":false,"template":"","format":"standard","meta":{"_et_pb_use_builder":"","_et_pb_old_content":"","_et_gb_content_width":"","footnotes":""},"categories":[54],"tags":[],"class_list":["post-5915","post","type-post","status-publish","format-standard","has-post-thumbnail","hentry","category-actualite-teach-on-mars"],"yoast_head":"<!-- This site is optimized with the Yoast SEO Premium plugin v22.6 (Yoast SEO v27.5) - https:\/\/yoast.com\/product\/yoast-seo-premium-wordpress\/ -->\n<title>Les nouveaux espaces de travail, deuxi\u00e8me \u00e9pisode de la s\u00e9rie Mars Attaque - Teach on Mars<\/title>\n<meta name=\"description\" content=\"Pour le deuxi\u00e8me \u00e9pisode de sa s\u00e9rie Mars Attaque, Teach on Mars s&#039;int\u00e9resse aux nouvelles habitudes et nouveaux espaces de travail.\" \/>\n<meta name=\"robots\" content=\"noindex, follow\" \/>\n<meta property=\"og:locale\" content=\"fr_FR\" \/>\n<meta property=\"og:type\" content=\"article\" \/>\n<meta property=\"og:title\" content=\"Les nouveaux espaces de travail, deuxi\u00e8me \u00e9pisode de la s\u00e9rie Mars Attaque\" \/>\n<meta property=\"og:description\" content=\"Pour le deuxi\u00e8me \u00e9pisode de sa s\u00e9rie Mars Attaque, Teach on Mars s&#039;int\u00e9resse aux nouvelles habitudes et nouveaux espaces de travail.\" \/>\n<meta property=\"og:url\" content=\"https:\/\/www.teachonmars.com\/fr\/blog\/2017\/12\/les-nouveaux-espaces-de-travail-deuxieme-episode-de-la-serie-mars-attaque\/\" \/>\n<meta property=\"og:site_name\" content=\"Teach on Mars\" \/>\n<meta property=\"article:publisher\" content=\"https:\/\/www.facebook.com\/teachonmars.fr\/\" \/>\n<meta property=\"article:published_time\" content=\"2017-12-21T09:02:55+00:00\" \/>\n<meta property=\"article:modified_time\" content=\"2022-06-28T15:05:58+00:00\" \/>\n<meta property=\"og:image\" content=\"https:\/\/www.teachonmars.com\/wp-content\/uploads\/2017\/12\/blog-ma2-700x336.png\" \/>\n\t<meta property=\"og:image:width\" content=\"700\" \/>\n\t<meta property=\"og:image:height\" content=\"336\" \/>\n\t<meta property=\"og:image:type\" content=\"image\/png\" \/>\n<meta name=\"author\" content=\"Marielle Baudet\" \/>\n<meta name=\"twitter:card\" content=\"summary_large_image\" \/>\n<meta name=\"twitter:creator\" content=\"@TeachonMarsfr\" \/>\n<meta name=\"twitter:site\" content=\"@TeachonMarsfr\" \/>\n<meta name=\"twitter:label1\" content=\"\u00c9crit par\" \/>\n\t<meta name=\"twitter:data1\" content=\"Marielle Baudet\" \/>\n\t<meta name=\"twitter:label2\" content=\"Dur\u00e9e de lecture estim\u00e9e\" \/>\n\t<meta name=\"twitter:data2\" content=\"1 minute\" \/>\n<script type=\"application\/ld+json\" class=\"yoast-schema-graph\">{\"@context\":\"https:\\\/\\\/schema.org\",\"@graph\":[{\"@type\":\"Article\",\"@id\":\"https:\\\/\\\/www.teachonmars.com\\\/fr\\\/blog\\\/2017\\\/12\\\/les-nouveaux-espaces-de-travail-deuxieme-episode-de-la-serie-mars-attaque\\\/#article\",\"isPartOf\":{\"@id\":\"https:\\\/\\\/www.teachonmars.com\\\/fr\\\/blog\\\/2017\\\/12\\\/les-nouveaux-espaces-de-travail-deuxieme-episode-de-la-serie-mars-attaque\\\/\"},\"author\":{\"name\":\"Marielle Baudet\",\"@id\":\"https:\\\/\\\/www.teachonmars.com\\\/fr\\\/#\\\/schema\\\/person\\\/46c151d04d27f96c3d6ff4e2c9c6b888\"},\"headline\":\"Les nouveaux espaces de travail, deuxi\u00e8me \u00e9pisode de la s\u00e9rie Mars Attaque\",\"datePublished\":\"2017-12-21T09:02:55+00:00\",\"dateModified\":\"2022-06-28T15:05:58+00:00\",\"mainEntityOfPage\":{\"@id\":\"https:\\\/\\\/www.teachonmars.com\\\/fr\\\/blog\\\/2017\\\/12\\\/les-nouveaux-espaces-de-travail-deuxieme-episode-de-la-serie-mars-attaque\\\/\"},\"wordCount\":274,\"commentCount\":0,\"publisher\":{\"@id\":\"https:\\\/\\\/www.teachonmars.com\\\/fr\\\/#organization\"},\"image\":{\"@id\":\"https:\\\/\\\/www.teachonmars.com\\\/fr\\\/blog\\\/2017\\\/12\\\/les-nouveaux-espaces-de-travail-deuxieme-episode-de-la-serie-mars-attaque\\\/#primaryimage\"},\"thumbnailUrl\":\"https:\\\/\\\/www.teachonmars.com\\\/wp-content\\\/uploads\\\/2017\\\/12\\\/blog-ma2-700x336.png\",\"articleSection\":[\"Actualit\u00e9 Teach on Mars\"],\"inLanguage\":\"fr-FR\",\"potentialAction\":[{\"@type\":\"CommentAction\",\"name\":\"Comment\",\"target\":[\"https:\\\/\\\/www.teachonmars.com\\\/fr\\\/blog\\\/2017\\\/12\\\/les-nouveaux-espaces-de-travail-deuxieme-episode-de-la-serie-mars-attaque\\\/#respond\"]}]},{\"@type\":\"WebPage\",\"@id\":\"https:\\\/\\\/www.teachonmars.com\\\/fr\\\/blog\\\/2017\\\/12\\\/les-nouveaux-espaces-de-travail-deuxieme-episode-de-la-serie-mars-attaque\\\/\",\"url\":\"https:\\\/\\\/www.teachonmars.com\\\/fr\\\/blog\\\/2017\\\/12\\\/les-nouveaux-espaces-de-travail-deuxieme-episode-de-la-serie-mars-attaque\\\/\",\"name\":\"Les nouveaux espaces de travail, deuxi\u00e8me \u00e9pisode de la s\u00e9rie Mars Attaque - Teach on Mars\",\"isPartOf\":{\"@id\":\"https:\\\/\\\/www.teachonmars.com\\\/fr\\\/#website\"},\"primaryImageOfPage\":{\"@id\":\"https:\\\/\\\/www.teachonmars.com\\\/fr\\\/blog\\\/2017\\\/12\\\/les-nouveaux-espaces-de-travail-deuxieme-episode-de-la-serie-mars-attaque\\\/#primaryimage\"},\"image\":{\"@id\":\"https:\\\/\\\/www.teachonmars.com\\\/fr\\\/blog\\\/2017\\\/12\\\/les-nouveaux-espaces-de-travail-deuxieme-episode-de-la-serie-mars-attaque\\\/#primaryimage\"},\"thumbnailUrl\":\"https:\\\/\\\/www.teachonmars.com\\\/wp-content\\\/uploads\\\/2017\\\/12\\\/blog-ma2-700x336.png\",\"datePublished\":\"2017-12-21T09:02:55+00:00\",\"dateModified\":\"2022-06-28T15:05:58+00:00\",\"description\":\"Pour le deuxi\u00e8me \u00e9pisode de sa s\u00e9rie Mars Attaque, Teach on Mars s'int\u00e9resse aux nouvelles habitudes et nouveaux espaces de travail.\",\"breadcrumb\":{\"@id\":\"https:\\\/\\\/www.teachonmars.com\\\/fr\\\/blog\\\/2017\\\/12\\\/les-nouveaux-espaces-de-travail-deuxieme-episode-de-la-serie-mars-attaque\\\/#breadcrumb\"},\"inLanguage\":\"fr-FR\",\"potentialAction\":[{\"@type\":\"ReadAction\",\"target\":[\"https:\\\/\\\/www.teachonmars.com\\\/fr\\\/blog\\\/2017\\\/12\\\/les-nouveaux-espaces-de-travail-deuxieme-episode-de-la-serie-mars-attaque\\\/\"]}]},{\"@type\":\"ImageObject\",\"inLanguage\":\"fr-FR\",\"@id\":\"https:\\\/\\\/www.teachonmars.com\\\/fr\\\/blog\\\/2017\\\/12\\\/les-nouveaux-espaces-de-travail-deuxieme-episode-de-la-serie-mars-attaque\\\/#primaryimage\",\"url\":\"https:\\\/\\\/www.teachonmars.com\\\/wp-content\\\/uploads\\\/2017\\\/12\\\/blog-ma2-700x336.png\",\"contentUrl\":\"https:\\\/\\\/www.teachonmars.com\\\/wp-content\\\/uploads\\\/2017\\\/12\\\/blog-ma2-700x336.png\",\"width\":700,\"height\":336},{\"@type\":\"BreadcrumbList\",\"@id\":\"https:\\\/\\\/www.teachonmars.com\\\/fr\\\/blog\\\/2017\\\/12\\\/les-nouveaux-espaces-de-travail-deuxieme-episode-de-la-serie-mars-attaque\\\/#breadcrumb\",\"itemListElement\":[{\"@type\":\"ListItem\",\"position\":1,\"name\":\"Accueil\",\"item\":\"https:\\\/\\\/www.teachonmars.com\\\/fr\\\/\"},{\"@type\":\"ListItem\",\"position\":2,\"name\":\"Actualit\u00e9 Teach on Mars\",\"item\":\"https:\\\/\\\/www.teachonmars.com\\\/fr\\\/blog\\\/categorie\\\/actualite-teach-on-mars\\\/\"},{\"@type\":\"ListItem\",\"position\":3,\"name\":\"Les nouveaux espaces de travail, deuxi\u00e8me \u00e9pisode de la s\u00e9rie Mars Attaque\"}]},{\"@type\":\"WebSite\",\"@id\":\"https:\\\/\\\/www.teachonmars.com\\\/fr\\\/#website\",\"url\":\"https:\\\/\\\/www.teachonmars.com\\\/fr\\\/\",\"name\":\"Teach on Mars\",\"description\":\"More Learning Moments. Better Future.\",\"publisher\":{\"@id\":\"https:\\\/\\\/www.teachonmars.com\\\/fr\\\/#organization\"},\"potentialAction\":[{\"@type\":\"SearchAction\",\"target\":{\"@type\":\"EntryPoint\",\"urlTemplate\":\"https:\\\/\\\/www.teachonmars.com\\\/fr\\\/?s={search_term_string}\"},\"query-input\":{\"@type\":\"PropertyValueSpecification\",\"valueRequired\":true,\"valueName\":\"search_term_string\"}}],\"inLanguage\":\"fr-FR\"},{\"@type\":\"Organization\",\"@id\":\"https:\\\/\\\/www.teachonmars.com\\\/fr\\\/#organization\",\"name\":\"Teach on Mars\",\"url\":\"https:\\\/\\\/www.teachonmars.com\\\/fr\\\/\",\"logo\":{\"@type\":\"ImageObject\",\"inLanguage\":\"fr-FR\",\"@id\":\"https:\\\/\\\/www.teachonmars.com\\\/fr\\\/#\\\/schema\\\/logo\\\/image\\\/\",\"url\":\"https:\\\/\\\/www.teachonmars.com\\\/wp-content\\\/uploads\\\/2024\\\/04\\\/logo-Teach-on-march-by-lumapps-1.png\",\"contentUrl\":\"https:\\\/\\\/www.teachonmars.com\\\/wp-content\\\/uploads\\\/2024\\\/04\\\/logo-Teach-on-march-by-lumapps-1.png\",\"width\":1052,\"height\":194,\"caption\":\"Teach on Mars\"},\"image\":{\"@id\":\"https:\\\/\\\/www.teachonmars.com\\\/fr\\\/#\\\/schema\\\/logo\\\/image\\\/\"},\"sameAs\":[\"https:\\\/\\\/www.facebook.com\\\/teachonmars.fr\\\/\",\"https:\\\/\\\/x.com\\\/TeachonMarsfr\",\"https:\\\/\\\/www.linkedin.com\\\/company\\\/teach-on-mars\\\/\"]},{\"@type\":\"Person\",\"@id\":\"https:\\\/\\\/www.teachonmars.com\\\/fr\\\/#\\\/schema\\\/person\\\/46c151d04d27f96c3d6ff4e2c9c6b888\",\"name\":\"Marielle Baudet\",\"image\":{\"@type\":\"ImageObject\",\"inLanguage\":\"fr-FR\",\"@id\":\"https:\\\/\\\/secure.gravatar.com\\\/avatar\\\/d7489a8ddf02346a65dc6706c6e58f0c58966d9ae3a4f93bc549f3630fed836e?s=96&d=mm&r=g\",\"url\":\"https:\\\/\\\/secure.gravatar.com\\\/avatar\\\/d7489a8ddf02346a65dc6706c6e58f0c58966d9ae3a4f93bc549f3630fed836e?s=96&d=mm&r=g\",\"contentUrl\":\"https:\\\/\\\/secure.gravatar.com\\\/avatar\\\/d7489a8ddf02346a65dc6706c6e58f0c58966d9ae3a4f93bc549f3630fed836e?s=96&d=mm&r=g\",\"caption\":\"Marielle Baudet\"},\"description\":\"Marielle has been travelling in the Teach on Mars rocket ship for 6 years. After having contributed her skills in pedagogical engineering and training facilitation to guide clients towards success, she is now Product Owner, in charge of designing the new features of the solution.\"}]}<\/script>\n<!-- \/ Yoast SEO Premium plugin. -->","yoast_head_json":{"title":"Les nouveaux espaces de travail, deuxi\u00e8me \u00e9pisode de la s\u00e9rie Mars Attaque - Teach on Mars","description":"Pour le deuxi\u00e8me \u00e9pisode de sa s\u00e9rie Mars Attaque, Teach on Mars s'int\u00e9resse aux nouvelles habitudes et nouveaux espaces de travail.","robots":{"index":"noindex","follow":"follow"},"og_locale":"fr_FR","og_type":"article","og_title":"Les nouveaux espaces de travail, deuxi\u00e8me \u00e9pisode de la s\u00e9rie Mars Attaque","og_description":"Pour le deuxi\u00e8me \u00e9pisode de sa s\u00e9rie Mars Attaque, Teach on Mars s'int\u00e9resse aux nouvelles habitudes et nouveaux espaces de travail.","og_url":"https:\/\/www.teachonmars.com\/fr\/blog\/2017\/12\/les-nouveaux-espaces-de-travail-deuxieme-episode-de-la-serie-mars-attaque\/","og_site_name":"Teach on Mars","article_publisher":"https:\/\/www.facebook.com\/teachonmars.fr\/","article_published_time":"2017-12-21T09:02:55+00:00","article_modified_time":"2022-06-28T15:05:58+00:00","og_image":[{"width":700,"height":336,"url":"https:\/\/www.teachonmars.com\/wp-content\/uploads\/2017\/12\/blog-ma2-700x336.png","type":"image\/png"}],"author":"Marielle Baudet","twitter_card":"summary_large_image","twitter_creator":"@TeachonMarsfr","twitter_site":"@TeachonMarsfr","twitter_misc":{"\u00c9crit par":"Marielle Baudet","Dur\u00e9e de lecture estim\u00e9e":"1 minute"},"schema":{"@context":"https:\/\/schema.org","@graph":[{"@type":"Article","@id":"https:\/\/www.teachonmars.com\/fr\/blog\/2017\/12\/les-nouveaux-espaces-de-travail-deuxieme-episode-de-la-serie-mars-attaque\/#article","isPartOf":{"@id":"https:\/\/www.teachonmars.com\/fr\/blog\/2017\/12\/les-nouveaux-espaces-de-travail-deuxieme-episode-de-la-serie-mars-attaque\/"},"author":{"name":"Marielle Baudet","@id":"https:\/\/www.teachonmars.com\/fr\/#\/schema\/person\/46c151d04d27f96c3d6ff4e2c9c6b888"},"headline":"Les nouveaux espaces de travail, deuxi\u00e8me \u00e9pisode de la s\u00e9rie Mars Attaque","datePublished":"2017-12-21T09:02:55+00:00","dateModified":"2022-06-28T15:05:58+00:00","mainEntityOfPage":{"@id":"https:\/\/www.teachonmars.com\/fr\/blog\/2017\/12\/les-nouveaux-espaces-de-travail-deuxieme-episode-de-la-serie-mars-attaque\/"},"wordCount":274,"commentCount":0,"publisher":{"@id":"https:\/\/www.teachonmars.com\/fr\/#organization"},"image":{"@id":"https:\/\/www.teachonmars.com\/fr\/blog\/2017\/12\/les-nouveaux-espaces-de-travail-deuxieme-episode-de-la-serie-mars-attaque\/#primaryimage"},"thumbnailUrl":"https:\/\/www.teachonmars.com\/wp-content\/uploads\/2017\/12\/blog-ma2-700x336.png","articleSection":["Actualit\u00e9 Teach on Mars"],"inLanguage":"fr-FR","potentialAction":[{"@type":"CommentAction","name":"Comment","target":["https:\/\/www.teachonmars.com\/fr\/blog\/2017\/12\/les-nouveaux-espaces-de-travail-deuxieme-episode-de-la-serie-mars-attaque\/#respond"]}]},{"@type":"WebPage","@id":"https:\/\/www.teachonmars.com\/fr\/blog\/2017\/12\/les-nouveaux-espaces-de-travail-deuxieme-episode-de-la-serie-mars-attaque\/","url":"https:\/\/www.teachonmars.com\/fr\/blog\/2017\/12\/les-nouveaux-espaces-de-travail-deuxieme-episode-de-la-serie-mars-attaque\/","name":"Les nouveaux espaces de travail, deuxi\u00e8me \u00e9pisode de la s\u00e9rie Mars Attaque - Teach on Mars","isPartOf":{"@id":"https:\/\/www.teachonmars.com\/fr\/#website"},"primaryImageOfPage":{"@id":"https:\/\/www.teachonmars.com\/fr\/blog\/2017\/12\/les-nouveaux-espaces-de-travail-deuxieme-episode-de-la-serie-mars-attaque\/#primaryimage"},"image":{"@id":"https:\/\/www.teachonmars.com\/fr\/blog\/2017\/12\/les-nouveaux-espaces-de-travail-deuxieme-episode-de-la-serie-mars-attaque\/#primaryimage"},"thumbnailUrl":"https:\/\/www.teachonmars.com\/wp-content\/uploads\/2017\/12\/blog-ma2-700x336.png","datePublished":"2017-12-21T09:02:55+00:00","dateModified":"2022-06-28T15:05:58+00:00","description":"Pour le deuxi\u00e8me \u00e9pisode de sa s\u00e9rie Mars Attaque, Teach on Mars s'int\u00e9resse aux nouvelles habitudes et nouveaux espaces de travail.","breadcrumb":{"@id":"https:\/\/www.teachonmars.com\/fr\/blog\/2017\/12\/les-nouveaux-espaces-de-travail-deuxieme-episode-de-la-serie-mars-attaque\/#breadcrumb"},"inLanguage":"fr-FR","potentialAction":[{"@type":"ReadAction","target":["https:\/\/www.teachonmars.com\/fr\/blog\/2017\/12\/les-nouveaux-espaces-de-travail-deuxieme-episode-de-la-serie-mars-attaque\/"]}]},{"@type":"ImageObject","inLanguage":"fr-FR","@id":"https:\/\/www.teachonmars.com\/fr\/blog\/2017\/12\/les-nouveaux-espaces-de-travail-deuxieme-episode-de-la-serie-mars-attaque\/#primaryimage","url":"https:\/\/www.teachonmars.com\/wp-content\/uploads\/2017\/12\/blog-ma2-700x336.png","contentUrl":"https:\/\/www.teachonmars.com\/wp-content\/uploads\/2017\/12\/blog-ma2-700x336.png","width":700,"height":336},{"@type":"BreadcrumbList","@id":"https:\/\/www.teachonmars.com\/fr\/blog\/2017\/12\/les-nouveaux-espaces-de-travail-deuxieme-episode-de-la-serie-mars-attaque\/#breadcrumb","itemListElement":[{"@type":"ListItem","position":1,"name":"Accueil","item":"https:\/\/www.teachonmars.com\/fr\/"},{"@type":"ListItem","position":2,"name":"Actualit\u00e9 Teach on Mars","item":"https:\/\/www.teachonmars.com\/fr\/blog\/categorie\/actualite-teach-on-mars\/"},{"@type":"ListItem","position":3,"name":"Les nouveaux espaces de travail, deuxi\u00e8me \u00e9pisode de la s\u00e9rie Mars Attaque"}]},{"@type":"WebSite","@id":"https:\/\/www.teachonmars.com\/fr\/#website","url":"https:\/\/www.teachonmars.com\/fr\/","name":"Teach on Mars","description":"More Learning Moments. Better Future.","publisher":{"@id":"https:\/\/www.teachonmars.com\/fr\/#organization"},"potentialAction":[{"@type":"SearchAction","target":{"@type":"EntryPoint","urlTemplate":"https:\/\/www.teachonmars.com\/fr\/?s={search_term_string}"},"query-input":{"@type":"PropertyValueSpecification","valueRequired":true,"valueName":"search_term_string"}}],"inLanguage":"fr-FR"},{"@type":"Organization","@id":"https:\/\/www.teachonmars.com\/fr\/#organization","name":"Teach on Mars","url":"https:\/\/www.teachonmars.com\/fr\/","logo":{"@type":"ImageObject","inLanguage":"fr-FR","@id":"https:\/\/www.teachonmars.com\/fr\/#\/schema\/logo\/image\/","url":"https:\/\/www.teachonmars.com\/wp-content\/uploads\/2024\/04\/logo-Teach-on-march-by-lumapps-1.png","contentUrl":"https:\/\/www.teachonmars.com\/wp-content\/uploads\/2024\/04\/logo-Teach-on-march-by-lumapps-1.png","width":1052,"height":194,"caption":"Teach on Mars"},"image":{"@id":"https:\/\/www.teachonmars.com\/fr\/#\/schema\/logo\/image\/"},"sameAs":["https:\/\/www.facebook.com\/teachonmars.fr\/","https:\/\/x.com\/TeachonMarsfr","https:\/\/www.linkedin.com\/company\/teach-on-mars\/"]},{"@type":"Person","@id":"https:\/\/www.teachonmars.com\/fr\/#\/schema\/person\/46c151d04d27f96c3d6ff4e2c9c6b888","name":"Marielle Baudet","image":{"@type":"ImageObject","inLanguage":"fr-FR","@id":"https:\/\/secure.gravatar.com\/avatar\/d7489a8ddf02346a65dc6706c6e58f0c58966d9ae3a4f93bc549f3630fed836e?s=96&d=mm&r=g","url":"https:\/\/secure.gravatar.com\/avatar\/d7489a8ddf02346a65dc6706c6e58f0c58966d9ae3a4f93bc549f3630fed836e?s=96&d=mm&r=g","contentUrl":"https:\/\/secure.gravatar.com\/avatar\/d7489a8ddf02346a65dc6706c6e58f0c58966d9ae3a4f93bc549f3630fed836e?s=96&d=mm&r=g","caption":"Marielle Baudet"},"description":"Marielle has been travelling in the Teach on Mars rocket ship for 6 years. After having contributed her skills in pedagogical engineering and training facilitation to guide clients towards success, she is now Product Owner, in charge of designing the new features of the solution."}]}},"_links":{"self":[{"href":"https:\/\/www.teachonmars.com\/fr\/wp-json\/wp\/v2\/posts\/5915","targetHints":{"allow":["GET"]}}],"collection":[{"href":"https:\/\/www.teachonmars.com\/fr\/wp-json\/wp\/v2\/posts"}],"about":[{"href":"https:\/\/www.teachonmars.com\/fr\/wp-json\/wp\/v2\/types\/post"}],"author":[{"embeddable":true,"href":"https:\/\/www.teachonmars.com\/fr\/wp-json\/wp\/v2\/users\/16"}],"replies":[{"embeddable":true,"href":"https:\/\/www.teachonmars.com\/fr\/wp-json\/wp\/v2\/comments?post=5915"}],"version-history":[{"count":0,"href":"https:\/\/www.teachonmars.com\/fr\/wp-json\/wp\/v2\/posts\/5915\/revisions"}],"wp:featuredmedia":[{"embeddable":true,"href":"https:\/\/www.teachonmars.com\/fr\/wp-json\/wp\/v2\/media\/11409"}],"wp:attachment":[{"href":"https:\/\/www.teachonmars.com\/fr\/wp-json\/wp\/v2\/media?parent=5915"}],"wp:term":[{"taxonomy":"category","embeddable":true,"href":"https:\/\/www.teachonmars.com\/fr\/wp-json\/wp\/v2\/categories?post=5915"},{"taxonomy":"post_tag","embeddable":true,"href":"https:\/\/www.teachonmars.com\/fr\/wp-json\/wp\/v2\/tags?post=5915"}],"curies":[{"name":"wp","href":"https:\/\/api.w.org\/{rel}","templated":true}]}}