{"id":4492,"date":"2017-10-16T15:23:38","date_gmt":"2017-10-16T13:23:38","guid":{"rendered":"https:\/\/www.teachonmars.com\/blog\/?p=4492"},"modified":"2022-05-31T17:51:39","modified_gmt":"2022-05-31T15:51:39","slug":"decollage-reussi-premier-skylab-de-lhistoire-de-teach-on-mars","status":"publish","type":"post","link":"https:\/\/www.teachonmars.com\/fr\/blog\/2017\/10\/decollage-reussi-premier-skylab-de-lhistoire-de-teach-on-mars\/","title":{"rendered":"D\u00e9collage r\u00e9ussi pour le premier SkyLab de l&rsquo;histoire de Teach on Mars !"},"content":{"rendered":"<p class=\"p2\"><span class=\"s1\">Le 13 octobre dernier, une vingtaine de clients grands comptes \u00e9taient r\u00e9unis au Village by CA pour la premi\u00e8re du SkyLab, le club utilisateurs de Teach on Mars. D\u00e9collage r\u00e9ussi et des participants ravis des \u00e9changes et retours d\u2019exp\u00e9rience. <\/span><\/p>\n<p class=\"p2\"><span class=\"s1\">De nombreuses bonnes pratiques ont \u00e9t\u00e9 \u00e9chang\u00e9es autour du th\u00e8me du lancement d\u2019un projet mobile learning en entreprise. Comment communiquer en interne et par quel biais ? Quels leviers utiliser pour impliquer ses collaborateurs sur le projet ? Quels outils mettre en place pour \u00e9valuer le dispositif ? \u00c0 partir des propositions de l\u2019Academy, tous les participants ont pu raconter ce qui a \u00e9t\u00e9 initi\u00e9 dans leur entreprise, ce qui a fonctionn\u00e9 et ce qui n\u2019a pas fonctionn\u00e9.<\/span><\/p>\n<p><a href=\"https:\/\/www.teachonmars.com\/blog\/wp-content\/uploads\/2017\/11\/Breakfast-skylab-teach-on-mars.png\"><img loading=\"lazy\" decoding=\"async\" class=\"alignnone wp-image-5501 size-large\" src=\"https:\/\/www.teachonmars.com\/blog\/wp-content\/uploads\/2017\/11\/Breakfast-skylab-teach-on-mars-1024x768.png\" alt=\"Breakfast-skylab-teach-on-mars\" width=\"702\" height=\"527\" \/><\/a><\/p>\n<p><a href=\"https:\/\/www.teachonmars.com\/blog\/wp-content\/uploads\/2017\/10\/Skylab-teach-on-mars-13-10-2017.jpg\"><img loading=\"lazy\" decoding=\"async\" class=\"alignnone wp-image-5509 size-large\" src=\"https:\/\/www.teachonmars.com\/blog\/wp-content\/uploads\/2017\/10\/Skylab-teach-on-mars-13-10-2017-1024x683.jpg\" alt=\"Skylab-teach-on-mars-13-10-2017\" width=\"702\" height=\"468\" \/><\/a><\/p>\n<p><a href=\"https:\/\/www.teachonmars.com\/blog\/wp-content\/uploads\/2017\/10\/Skylab-13-10-2017-petit-dejeuner.jpg\"><img loading=\"lazy\" decoding=\"async\" class=\"alignnone wp-image-5505 size-large\" src=\"https:\/\/www.teachonmars.com\/blog\/wp-content\/uploads\/2017\/10\/Skylab-13-10-2017-petit-dejeuner-1024x683.jpg\" alt=\"Skylab-13-10-2017-petit-dejeuner\" width=\"702\" height=\"468\" \/><\/a><\/p>\n<p>&nbsp;<\/p>\n<p class=\"p2\"><span class=\"s1\">Un nouvel \u00e9v\u00e9nement SkyLab aura lieu avant la fin de l\u2019ann\u00e9e, on vous tient vite au courant ! <\/span><\/p>\n<p class=\"p2\"><span class=\"s1\">Tous les compte-rendus de l\u2019atelier du vendredi 13 octobre, ainsi que les compte-rendus des ateliers de l\u2019Universit\u00e9 d\u2019\u00c9t\u00e9 du Mobile Learning 2017 seront rapidement disponibles pour les membres du SkyLab dans l\u2019application Teach on Mars. <\/span><\/p>\n","protected":false},"excerpt":{"rendered":"<p>Le 13 octobre dernier, une vingtaine de clients grands comptes \u00e9taient r\u00e9unis au Village by CA pour la premi\u00e8re du SkyLab, le club utilisateurs de Teach on Mars. D\u00e9collage r\u00e9ussi et des participants ravis des \u00e9changes et retours d\u2019exp\u00e9rience. De nombreuses bonnes pratiques ont \u00e9t\u00e9 \u00e9chang\u00e9es autour du th\u00e8me du lancement d\u2019un projet mobile learning [&hellip;]<\/p>\n","protected":false},"author":16,"featured_media":11422,"comment_status":"open","ping_status":"open","sticky":false,"template":"","format":"standard","meta":{"_et_pb_use_builder":"","_et_pb_old_content":"","_et_gb_content_width":"","footnotes":""},"categories":[54],"tags":[],"class_list":["post-4492","post","type-post","status-publish","format-standard","has-post-thumbnail","hentry","category-actualite-teach-on-mars"],"yoast_head":"<!-- This site is optimized with the Yoast SEO Premium plugin v22.6 (Yoast SEO v27.5) - https:\/\/yoast.com\/product\/yoast-seo-premium-wordpress\/ -->\n<title>D\u00e9collage r\u00e9ussi pour le premier SkyLab de l&#039;histoire de Teach on Mars ! - Teach on Mars<\/title>\n<meta name=\"description\" content=\"Le 13 octobre dernier, le premier rendez-vous SkyLab, le club utilisateurs de Teach on Mars a r\u00e9uni une vingtaine de participants au Village by CA.\" \/>\n<meta name=\"robots\" content=\"noindex, follow\" \/>\n<meta property=\"og:locale\" content=\"fr_FR\" \/>\n<meta property=\"og:type\" content=\"article\" \/>\n<meta property=\"og:title\" content=\"D\u00e9collage r\u00e9ussi pour le premier SkyLab de l&#039;histoire de Teach on Mars !\" \/>\n<meta property=\"og:description\" content=\"Le 13 octobre dernier, le premier rendez-vous SkyLab, le club utilisateurs de Teach on Mars a r\u00e9uni une vingtaine de participants au Village by CA.\" \/>\n<meta property=\"og:url\" content=\"https:\/\/www.teachonmars.com\/fr\/blog\/2017\/10\/decollage-reussi-premier-skylab-de-lhistoire-de-teach-on-mars\/\" \/>\n<meta property=\"og:site_name\" content=\"Teach on Mars\" \/>\n<meta property=\"article:publisher\" content=\"https:\/\/www.facebook.com\/teachonmars.fr\/\" \/>\n<meta property=\"article:published_time\" content=\"2017-10-16T13:23:38+00:00\" \/>\n<meta property=\"article:modified_time\" content=\"2022-05-31T15:51:39+00:00\" \/>\n<meta property=\"og:image\" content=\"https:\/\/www.teachonmars.com\/wp-content\/uploads\/2017\/10\/skylab1blog-700x336.png\" \/>\n\t<meta property=\"og:image:width\" content=\"700\" \/>\n\t<meta property=\"og:image:height\" content=\"336\" \/>\n\t<meta property=\"og:image:type\" content=\"image\/png\" \/>\n<meta name=\"author\" content=\"Marielle Baudet\" \/>\n<meta name=\"twitter:card\" content=\"summary_large_image\" \/>\n<meta name=\"twitter:creator\" content=\"@TeachonMarsfr\" \/>\n<meta name=\"twitter:site\" content=\"@TeachonMarsfr\" \/>\n<meta name=\"twitter:label1\" content=\"\u00c9crit par\" \/>\n\t<meta name=\"twitter:data1\" content=\"Marielle Baudet\" \/>\n\t<meta name=\"twitter:label2\" content=\"Dur\u00e9e de lecture estim\u00e9e\" \/>\n\t<meta name=\"twitter:data2\" content=\"1 minute\" \/>\n<script type=\"application\/ld+json\" class=\"yoast-schema-graph\">{\"@context\":\"https:\\\/\\\/schema.org\",\"@graph\":[{\"@type\":\"Article\",\"@id\":\"https:\\\/\\\/www.teachonmars.com\\\/fr\\\/blog\\\/2017\\\/10\\\/decollage-reussi-premier-skylab-de-lhistoire-de-teach-on-mars\\\/#article\",\"isPartOf\":{\"@id\":\"https:\\\/\\\/www.teachonmars.com\\\/fr\\\/blog\\\/2017\\\/10\\\/decollage-reussi-premier-skylab-de-lhistoire-de-teach-on-mars\\\/\"},\"author\":{\"name\":\"Marielle Baudet\",\"@id\":\"https:\\\/\\\/www.teachonmars.com\\\/fr\\\/#\\\/schema\\\/person\\\/46c151d04d27f96c3d6ff4e2c9c6b888\"},\"headline\":\"D\u00e9collage r\u00e9ussi pour le premier SkyLab de l&rsquo;histoire de Teach on Mars !\",\"datePublished\":\"2017-10-16T13:23:38+00:00\",\"dateModified\":\"2022-05-31T15:51:39+00:00\",\"mainEntityOfPage\":{\"@id\":\"https:\\\/\\\/www.teachonmars.com\\\/fr\\\/blog\\\/2017\\\/10\\\/decollage-reussi-premier-skylab-de-lhistoire-de-teach-on-mars\\\/\"},\"wordCount\":195,\"commentCount\":0,\"publisher\":{\"@id\":\"https:\\\/\\\/www.teachonmars.com\\\/fr\\\/#organization\"},\"image\":{\"@id\":\"https:\\\/\\\/www.teachonmars.com\\\/fr\\\/blog\\\/2017\\\/10\\\/decollage-reussi-premier-skylab-de-lhistoire-de-teach-on-mars\\\/#primaryimage\"},\"thumbnailUrl\":\"https:\\\/\\\/www.teachonmars.com\\\/wp-content\\\/uploads\\\/2017\\\/10\\\/skylab1blog-700x336.png\",\"articleSection\":[\"Actualit\u00e9 Teach on Mars\"],\"inLanguage\":\"fr-FR\",\"potentialAction\":[{\"@type\":\"CommentAction\",\"name\":\"Comment\",\"target\":[\"https:\\\/\\\/www.teachonmars.com\\\/fr\\\/blog\\\/2017\\\/10\\\/decollage-reussi-premier-skylab-de-lhistoire-de-teach-on-mars\\\/#respond\"]}]},{\"@type\":\"WebPage\",\"@id\":\"https:\\\/\\\/www.teachonmars.com\\\/fr\\\/blog\\\/2017\\\/10\\\/decollage-reussi-premier-skylab-de-lhistoire-de-teach-on-mars\\\/\",\"url\":\"https:\\\/\\\/www.teachonmars.com\\\/fr\\\/blog\\\/2017\\\/10\\\/decollage-reussi-premier-skylab-de-lhistoire-de-teach-on-mars\\\/\",\"name\":\"D\u00e9collage r\u00e9ussi pour le premier SkyLab de l'histoire de Teach on Mars ! - Teach on Mars\",\"isPartOf\":{\"@id\":\"https:\\\/\\\/www.teachonmars.com\\\/fr\\\/#website\"},\"primaryImageOfPage\":{\"@id\":\"https:\\\/\\\/www.teachonmars.com\\\/fr\\\/blog\\\/2017\\\/10\\\/decollage-reussi-premier-skylab-de-lhistoire-de-teach-on-mars\\\/#primaryimage\"},\"image\":{\"@id\":\"https:\\\/\\\/www.teachonmars.com\\\/fr\\\/blog\\\/2017\\\/10\\\/decollage-reussi-premier-skylab-de-lhistoire-de-teach-on-mars\\\/#primaryimage\"},\"thumbnailUrl\":\"https:\\\/\\\/www.teachonmars.com\\\/wp-content\\\/uploads\\\/2017\\\/10\\\/skylab1blog-700x336.png\",\"datePublished\":\"2017-10-16T13:23:38+00:00\",\"dateModified\":\"2022-05-31T15:51:39+00:00\",\"description\":\"Le 13 octobre dernier, le premier rendez-vous SkyLab, le club utilisateurs de Teach on Mars a r\u00e9uni une vingtaine de participants au Village by CA.\",\"breadcrumb\":{\"@id\":\"https:\\\/\\\/www.teachonmars.com\\\/fr\\\/blog\\\/2017\\\/10\\\/decollage-reussi-premier-skylab-de-lhistoire-de-teach-on-mars\\\/#breadcrumb\"},\"inLanguage\":\"fr-FR\",\"potentialAction\":[{\"@type\":\"ReadAction\",\"target\":[\"https:\\\/\\\/www.teachonmars.com\\\/fr\\\/blog\\\/2017\\\/10\\\/decollage-reussi-premier-skylab-de-lhistoire-de-teach-on-mars\\\/\"]}]},{\"@type\":\"ImageObject\",\"inLanguage\":\"fr-FR\",\"@id\":\"https:\\\/\\\/www.teachonmars.com\\\/fr\\\/blog\\\/2017\\\/10\\\/decollage-reussi-premier-skylab-de-lhistoire-de-teach-on-mars\\\/#primaryimage\",\"url\":\"https:\\\/\\\/www.teachonmars.com\\\/wp-content\\\/uploads\\\/2017\\\/10\\\/skylab1blog-700x336.png\",\"contentUrl\":\"https:\\\/\\\/www.teachonmars.com\\\/wp-content\\\/uploads\\\/2017\\\/10\\\/skylab1blog-700x336.png\",\"width\":700,\"height\":336},{\"@type\":\"BreadcrumbList\",\"@id\":\"https:\\\/\\\/www.teachonmars.com\\\/fr\\\/blog\\\/2017\\\/10\\\/decollage-reussi-premier-skylab-de-lhistoire-de-teach-on-mars\\\/#breadcrumb\",\"itemListElement\":[{\"@type\":\"ListItem\",\"position\":1,\"name\":\"Accueil\",\"item\":\"https:\\\/\\\/www.teachonmars.com\\\/fr\\\/\"},{\"@type\":\"ListItem\",\"position\":2,\"name\":\"Actualit\u00e9 Teach on Mars\",\"item\":\"https:\\\/\\\/www.teachonmars.com\\\/fr\\\/blog\\\/categorie\\\/actualite-teach-on-mars\\\/\"},{\"@type\":\"ListItem\",\"position\":3,\"name\":\"D\u00e9collage r\u00e9ussi pour le premier SkyLab de l&rsquo;histoire de Teach on Mars !\"}]},{\"@type\":\"WebSite\",\"@id\":\"https:\\\/\\\/www.teachonmars.com\\\/fr\\\/#website\",\"url\":\"https:\\\/\\\/www.teachonmars.com\\\/fr\\\/\",\"name\":\"Teach on Mars\",\"description\":\"More Learning Moments. Better Future.\",\"publisher\":{\"@id\":\"https:\\\/\\\/www.teachonmars.com\\\/fr\\\/#organization\"},\"potentialAction\":[{\"@type\":\"SearchAction\",\"target\":{\"@type\":\"EntryPoint\",\"urlTemplate\":\"https:\\\/\\\/www.teachonmars.com\\\/fr\\\/?s={search_term_string}\"},\"query-input\":{\"@type\":\"PropertyValueSpecification\",\"valueRequired\":true,\"valueName\":\"search_term_string\"}}],\"inLanguage\":\"fr-FR\"},{\"@type\":\"Organization\",\"@id\":\"https:\\\/\\\/www.teachonmars.com\\\/fr\\\/#organization\",\"name\":\"Teach on Mars\",\"url\":\"https:\\\/\\\/www.teachonmars.com\\\/fr\\\/\",\"logo\":{\"@type\":\"ImageObject\",\"inLanguage\":\"fr-FR\",\"@id\":\"https:\\\/\\\/www.teachonmars.com\\\/fr\\\/#\\\/schema\\\/logo\\\/image\\\/\",\"url\":\"https:\\\/\\\/www.teachonmars.com\\\/wp-content\\\/uploads\\\/2024\\\/04\\\/logo-Teach-on-march-by-lumapps-1.png\",\"contentUrl\":\"https:\\\/\\\/www.teachonmars.com\\\/wp-content\\\/uploads\\\/2024\\\/04\\\/logo-Teach-on-march-by-lumapps-1.png\",\"width\":1052,\"height\":194,\"caption\":\"Teach on Mars\"},\"image\":{\"@id\":\"https:\\\/\\\/www.teachonmars.com\\\/fr\\\/#\\\/schema\\\/logo\\\/image\\\/\"},\"sameAs\":[\"https:\\\/\\\/www.facebook.com\\\/teachonmars.fr\\\/\",\"https:\\\/\\\/x.com\\\/TeachonMarsfr\",\"https:\\\/\\\/www.linkedin.com\\\/company\\\/teach-on-mars\\\/\"]},{\"@type\":\"Person\",\"@id\":\"https:\\\/\\\/www.teachonmars.com\\\/fr\\\/#\\\/schema\\\/person\\\/46c151d04d27f96c3d6ff4e2c9c6b888\",\"name\":\"Marielle Baudet\",\"image\":{\"@type\":\"ImageObject\",\"inLanguage\":\"fr-FR\",\"@id\":\"https:\\\/\\\/secure.gravatar.com\\\/avatar\\\/d7489a8ddf02346a65dc6706c6e58f0c58966d9ae3a4f93bc549f3630fed836e?s=96&d=mm&r=g\",\"url\":\"https:\\\/\\\/secure.gravatar.com\\\/avatar\\\/d7489a8ddf02346a65dc6706c6e58f0c58966d9ae3a4f93bc549f3630fed836e?s=96&d=mm&r=g\",\"contentUrl\":\"https:\\\/\\\/secure.gravatar.com\\\/avatar\\\/d7489a8ddf02346a65dc6706c6e58f0c58966d9ae3a4f93bc549f3630fed836e?s=96&d=mm&r=g\",\"caption\":\"Marielle Baudet\"},\"description\":\"Marielle has been travelling in the Teach on Mars rocket ship for 6 years. After having contributed her skills in pedagogical engineering and training facilitation to guide clients towards success, she is now Product Owner, in charge of designing the new features of the solution.\"}]}<\/script>\n<!-- \/ Yoast SEO Premium plugin. -->","yoast_head_json":{"title":"D\u00e9collage r\u00e9ussi pour le premier SkyLab de l'histoire de Teach on Mars ! - Teach on Mars","description":"Le 13 octobre dernier, le premier rendez-vous SkyLab, le club utilisateurs de Teach on Mars a r\u00e9uni une vingtaine de participants au Village by CA.","robots":{"index":"noindex","follow":"follow"},"og_locale":"fr_FR","og_type":"article","og_title":"D\u00e9collage r\u00e9ussi pour le premier SkyLab de l'histoire de Teach on Mars !","og_description":"Le 13 octobre dernier, le premier rendez-vous SkyLab, le club utilisateurs de Teach on Mars a r\u00e9uni une vingtaine de participants au Village by CA.","og_url":"https:\/\/www.teachonmars.com\/fr\/blog\/2017\/10\/decollage-reussi-premier-skylab-de-lhistoire-de-teach-on-mars\/","og_site_name":"Teach on Mars","article_publisher":"https:\/\/www.facebook.com\/teachonmars.fr\/","article_published_time":"2017-10-16T13:23:38+00:00","article_modified_time":"2022-05-31T15:51:39+00:00","og_image":[{"width":700,"height":336,"url":"https:\/\/www.teachonmars.com\/wp-content\/uploads\/2017\/10\/skylab1blog-700x336.png","type":"image\/png"}],"author":"Marielle Baudet","twitter_card":"summary_large_image","twitter_creator":"@TeachonMarsfr","twitter_site":"@TeachonMarsfr","twitter_misc":{"\u00c9crit par":"Marielle Baudet","Dur\u00e9e de lecture estim\u00e9e":"1 minute"},"schema":{"@context":"https:\/\/schema.org","@graph":[{"@type":"Article","@id":"https:\/\/www.teachonmars.com\/fr\/blog\/2017\/10\/decollage-reussi-premier-skylab-de-lhistoire-de-teach-on-mars\/#article","isPartOf":{"@id":"https:\/\/www.teachonmars.com\/fr\/blog\/2017\/10\/decollage-reussi-premier-skylab-de-lhistoire-de-teach-on-mars\/"},"author":{"name":"Marielle Baudet","@id":"https:\/\/www.teachonmars.com\/fr\/#\/schema\/person\/46c151d04d27f96c3d6ff4e2c9c6b888"},"headline":"D\u00e9collage r\u00e9ussi pour le premier SkyLab de l&rsquo;histoire de Teach on Mars !","datePublished":"2017-10-16T13:23:38+00:00","dateModified":"2022-05-31T15:51:39+00:00","mainEntityOfPage":{"@id":"https:\/\/www.teachonmars.com\/fr\/blog\/2017\/10\/decollage-reussi-premier-skylab-de-lhistoire-de-teach-on-mars\/"},"wordCount":195,"commentCount":0,"publisher":{"@id":"https:\/\/www.teachonmars.com\/fr\/#organization"},"image":{"@id":"https:\/\/www.teachonmars.com\/fr\/blog\/2017\/10\/decollage-reussi-premier-skylab-de-lhistoire-de-teach-on-mars\/#primaryimage"},"thumbnailUrl":"https:\/\/www.teachonmars.com\/wp-content\/uploads\/2017\/10\/skylab1blog-700x336.png","articleSection":["Actualit\u00e9 Teach on Mars"],"inLanguage":"fr-FR","potentialAction":[{"@type":"CommentAction","name":"Comment","target":["https:\/\/www.teachonmars.com\/fr\/blog\/2017\/10\/decollage-reussi-premier-skylab-de-lhistoire-de-teach-on-mars\/#respond"]}]},{"@type":"WebPage","@id":"https:\/\/www.teachonmars.com\/fr\/blog\/2017\/10\/decollage-reussi-premier-skylab-de-lhistoire-de-teach-on-mars\/","url":"https:\/\/www.teachonmars.com\/fr\/blog\/2017\/10\/decollage-reussi-premier-skylab-de-lhistoire-de-teach-on-mars\/","name":"D\u00e9collage r\u00e9ussi pour le premier SkyLab de l'histoire de Teach on Mars ! - Teach on Mars","isPartOf":{"@id":"https:\/\/www.teachonmars.com\/fr\/#website"},"primaryImageOfPage":{"@id":"https:\/\/www.teachonmars.com\/fr\/blog\/2017\/10\/decollage-reussi-premier-skylab-de-lhistoire-de-teach-on-mars\/#primaryimage"},"image":{"@id":"https:\/\/www.teachonmars.com\/fr\/blog\/2017\/10\/decollage-reussi-premier-skylab-de-lhistoire-de-teach-on-mars\/#primaryimage"},"thumbnailUrl":"https:\/\/www.teachonmars.com\/wp-content\/uploads\/2017\/10\/skylab1blog-700x336.png","datePublished":"2017-10-16T13:23:38+00:00","dateModified":"2022-05-31T15:51:39+00:00","description":"Le 13 octobre dernier, le premier rendez-vous SkyLab, le club utilisateurs de Teach on Mars a r\u00e9uni une vingtaine de participants au Village by CA.","breadcrumb":{"@id":"https:\/\/www.teachonmars.com\/fr\/blog\/2017\/10\/decollage-reussi-premier-skylab-de-lhistoire-de-teach-on-mars\/#breadcrumb"},"inLanguage":"fr-FR","potentialAction":[{"@type":"ReadAction","target":["https:\/\/www.teachonmars.com\/fr\/blog\/2017\/10\/decollage-reussi-premier-skylab-de-lhistoire-de-teach-on-mars\/"]}]},{"@type":"ImageObject","inLanguage":"fr-FR","@id":"https:\/\/www.teachonmars.com\/fr\/blog\/2017\/10\/decollage-reussi-premier-skylab-de-lhistoire-de-teach-on-mars\/#primaryimage","url":"https:\/\/www.teachonmars.com\/wp-content\/uploads\/2017\/10\/skylab1blog-700x336.png","contentUrl":"https:\/\/www.teachonmars.com\/wp-content\/uploads\/2017\/10\/skylab1blog-700x336.png","width":700,"height":336},{"@type":"BreadcrumbList","@id":"https:\/\/www.teachonmars.com\/fr\/blog\/2017\/10\/decollage-reussi-premier-skylab-de-lhistoire-de-teach-on-mars\/#breadcrumb","itemListElement":[{"@type":"ListItem","position":1,"name":"Accueil","item":"https:\/\/www.teachonmars.com\/fr\/"},{"@type":"ListItem","position":2,"name":"Actualit\u00e9 Teach on Mars","item":"https:\/\/www.teachonmars.com\/fr\/blog\/categorie\/actualite-teach-on-mars\/"},{"@type":"ListItem","position":3,"name":"D\u00e9collage r\u00e9ussi pour le premier SkyLab de l&rsquo;histoire de Teach on Mars !"}]},{"@type":"WebSite","@id":"https:\/\/www.teachonmars.com\/fr\/#website","url":"https:\/\/www.teachonmars.com\/fr\/","name":"Teach on Mars","description":"More Learning Moments. Better Future.","publisher":{"@id":"https:\/\/www.teachonmars.com\/fr\/#organization"},"potentialAction":[{"@type":"SearchAction","target":{"@type":"EntryPoint","urlTemplate":"https:\/\/www.teachonmars.com\/fr\/?s={search_term_string}"},"query-input":{"@type":"PropertyValueSpecification","valueRequired":true,"valueName":"search_term_string"}}],"inLanguage":"fr-FR"},{"@type":"Organization","@id":"https:\/\/www.teachonmars.com\/fr\/#organization","name":"Teach on Mars","url":"https:\/\/www.teachonmars.com\/fr\/","logo":{"@type":"ImageObject","inLanguage":"fr-FR","@id":"https:\/\/www.teachonmars.com\/fr\/#\/schema\/logo\/image\/","url":"https:\/\/www.teachonmars.com\/wp-content\/uploads\/2024\/04\/logo-Teach-on-march-by-lumapps-1.png","contentUrl":"https:\/\/www.teachonmars.com\/wp-content\/uploads\/2024\/04\/logo-Teach-on-march-by-lumapps-1.png","width":1052,"height":194,"caption":"Teach on Mars"},"image":{"@id":"https:\/\/www.teachonmars.com\/fr\/#\/schema\/logo\/image\/"},"sameAs":["https:\/\/www.facebook.com\/teachonmars.fr\/","https:\/\/x.com\/TeachonMarsfr","https:\/\/www.linkedin.com\/company\/teach-on-mars\/"]},{"@type":"Person","@id":"https:\/\/www.teachonmars.com\/fr\/#\/schema\/person\/46c151d04d27f96c3d6ff4e2c9c6b888","name":"Marielle Baudet","image":{"@type":"ImageObject","inLanguage":"fr-FR","@id":"https:\/\/secure.gravatar.com\/avatar\/d7489a8ddf02346a65dc6706c6e58f0c58966d9ae3a4f93bc549f3630fed836e?s=96&d=mm&r=g","url":"https:\/\/secure.gravatar.com\/avatar\/d7489a8ddf02346a65dc6706c6e58f0c58966d9ae3a4f93bc549f3630fed836e?s=96&d=mm&r=g","contentUrl":"https:\/\/secure.gravatar.com\/avatar\/d7489a8ddf02346a65dc6706c6e58f0c58966d9ae3a4f93bc549f3630fed836e?s=96&d=mm&r=g","caption":"Marielle Baudet"},"description":"Marielle has been travelling in the Teach on Mars rocket ship for 6 years. After having contributed her skills in pedagogical engineering and training facilitation to guide clients towards success, she is now Product Owner, in charge of designing the new features of the solution."}]}},"_links":{"self":[{"href":"https:\/\/www.teachonmars.com\/fr\/wp-json\/wp\/v2\/posts\/4492","targetHints":{"allow":["GET"]}}],"collection":[{"href":"https:\/\/www.teachonmars.com\/fr\/wp-json\/wp\/v2\/posts"}],"about":[{"href":"https:\/\/www.teachonmars.com\/fr\/wp-json\/wp\/v2\/types\/post"}],"author":[{"embeddable":true,"href":"https:\/\/www.teachonmars.com\/fr\/wp-json\/wp\/v2\/users\/16"}],"replies":[{"embeddable":true,"href":"https:\/\/www.teachonmars.com\/fr\/wp-json\/wp\/v2\/comments?post=4492"}],"version-history":[{"count":0,"href":"https:\/\/www.teachonmars.com\/fr\/wp-json\/wp\/v2\/posts\/4492\/revisions"}],"wp:featuredmedia":[{"embeddable":true,"href":"https:\/\/www.teachonmars.com\/fr\/wp-json\/wp\/v2\/media\/11422"}],"wp:attachment":[{"href":"https:\/\/www.teachonmars.com\/fr\/wp-json\/wp\/v2\/media?parent=4492"}],"wp:term":[{"taxonomy":"category","embeddable":true,"href":"https:\/\/www.teachonmars.com\/fr\/wp-json\/wp\/v2\/categories?post=4492"},{"taxonomy":"post_tag","embeddable":true,"href":"https:\/\/www.teachonmars.com\/fr\/wp-json\/wp\/v2\/tags?post=4492"}],"curies":[{"name":"wp","href":"https:\/\/api.w.org\/{rel}","templated":true}]}}