{"id":43984,"date":"2025-03-26T12:03:46","date_gmt":"2025-03-26T11:03:46","guid":{"rendered":"https:\/\/www.teachonmars.com\/?p=43984"},"modified":"2025-03-26T12:03:49","modified_gmt":"2025-03-26T11:03:49","slug":"vous-avez-manque-notre-skylab-voici-ce-quil-fallait-en-retenir","status":"publish","type":"post","link":"https:\/\/www.teachonmars.com\/fr\/blog\/2025\/03\/vous-avez-manque-notre-skylab-voici-ce-quil-fallait-en-retenir\/","title":{"rendered":"Vous avez manqu\u00e9 notre SkyLAB ? Voici ce qu\u2019il fallait en retenir !"},"content":{"rendered":"\n<p><\/p>\n\n\n\n<p>Le mardi 11 f\u00e9vrier dernier, nous avons eu le plaisir d\u2019animer un SkyLAB autour d\u2019un sujet cl\u00e9 du mobile learning : l\u2019art du carrousel. Une heure d\u2019\u00e9changes et\u00a0 de conseils pratiques pour optimiser l\u2019usage de ce format dans les formations digitales. Vous n\u2019avez pas pu y assister ? Pas de panique ! Voici les \u00e9l\u00e9ments cl\u00e9s \u00e0 retenir.<\/p>\n\n\n\n<p><\/p>\n\n\n\n<h2 class=\"wp-block-heading\" id=\"h-pourquoi-le-carrousel-est-il-incontournable-en-mobile-learning\"><strong>Pourquoi le carrousel est-il incontournable en mobile learning ?<\/strong><\/h2>\n\n\n\n<p>Le carrousel est omnipr\u00e9sent dans l\u2019univers digital, des r\u00e9seaux sociaux aux plateformes de mobile learning. Son format dynamique et interactif en fait un outil id\u00e9al pour structurer du contenu p\u00e9dagogique tout en stimulant l\u2019attention et l\u2019engagement des apprenants. Mais encore faut-il savoir l\u2019exploiter efficacement !<\/p>\n\n\n\n<p>Lors de ce SkyLAB, nous avons explor\u00e9 les trois piliers fondamentaux d\u2019un carrousel r\u00e9ussi :<\/p>\n\n\n\n<ol class=\"wp-block-list\">\n<li><strong>Une structure claire et percutante<\/strong> : Chaque carte doit v\u00e9hiculer une id\u00e9e forte pour \u00e9viter la surcharge cognitive.<\/li>\n\n\n\n<li><strong>Un design engageant<\/strong> : Une mise en page coh\u00e9rente et l\u2019ajout d\u2019\u00e9l\u00e9ments visuels (ic\u00f4nes, images, vid\u00e9os) favorisent l\u2019assimilation des messages.<\/li>\n\n\n\n<li><strong>Un storytelling efficace<\/strong> : L\u2019ordre et la progression des cartes doivent guider naturellement l\u2019apprenant vers la compr\u00e9hension et la m\u00e9morisation.<\/li>\n<\/ol>\n\n\n\n<p><strong>Les 12 recommandations pour un carrousel de cours efficace<\/strong><\/p>\n\n\n\n<p>Au fil de notre session, nous avons partag\u00e9 12 conseils cl\u00e9s pour concevoir des carrousels performants et captivants :<\/p>\n\n\n\n<p>Voici un d\u00e9veloppement d\u00e9taill\u00e9 des 12 recommandations pour concevoir des carrousels efficaces en mobile learning.<\/p>\n\n\n\n<h4 class=\"wp-block-heading has-vivid-red-color has-text-color has-link-color wp-elements-1da3684ab5e479a0af540cf65a4477ab\" id=\"h-1-limitez-le-nombre-de-cartes-10-maximum-pour-garantir-un-apprentissage-fluide-nbsp\"><strong>1. Limitez le nombre de cartes (10 maximum) pour garantir un apprentissage fluide&nbsp;<\/strong><\/h4>\n\n\n\n<p>Un carrousel trop long risque de d\u00e9courager l\u2019apprenant et de diluer l\u2019impact du message. L\u2019id\u00e9al est de ne pas d\u00e9passer 10 cartes pour rester synth\u00e9tique et engageant. Pensez \u00e0 prioriser les informations essentielles et \u00e0 \u00e9viter la surcharge cognitive.&nbsp;&nbsp;<\/p>\n\n\n\n<h4 class=\"wp-block-heading has-vivid-red-color has-text-color has-link-color wp-elements-9e4a3c478dc16fc00723d9a9af976987\" id=\"h-nbsp-2-adaptez-la-taille-des-cartes-a-l-ecran-mobile-pour-un-affichage-optimal-nbsp-nbsp\"><strong>&nbsp;2. Adaptez la taille des cartes \u00e0 l\u2019\u00e9cran mobile pour un affichage optimal&nbsp;&nbsp;<\/strong><\/h4>\n\n\n\n<p>Un carrousel est con\u00e7u pour une exp\u00e9rience mobile-first. Il est donc essentiel que la taille des cartes soit optimis\u00e9e pour l\u2019\u00e9cran, \u00e9vitez les cartes trop longues n\u00e9cessitant de scroller car certains apprenants passeront \u00e0 la carte d\u2019apr\u00e8s sans avoir fait d\u00e9filer la carte pr\u00e9c\u00e9dente.&nbsp;<\/p>\n\n\n\n<h4 class=\"wp-block-heading has-vivid-red-color has-text-color has-link-color wp-elements-c1332528f02660a768ef1d97aa0b6b0e\" id=\"h-nbsp-3-integrez-des-titres-explicites-sur-chaque-carte-afin-de-contextualiser-l-information-nbsp-nbsp\"><strong>&nbsp;3. Int\u00e9grez des titres explicites sur chaque carte afin de contextualiser l\u2019information&nbsp;&nbsp;<\/strong><\/h4>\n\n\n\n<p>Un bon titre doit r\u00e9sumer le contenu de la carte en quelques mots et donner un rep\u00e8re \u00e0 l\u2019apprenant. Il doit \u00eatre court, clair et percutant, permettant une compr\u00e9hension rapide du sujet abord\u00e9. Par exemple, un titre comme \u00ab\u00a03 astuces pour engager la conversation avec le client\u00a0\u00bb est plus efficace qu\u2019un simple \u00ab\u00a0Engagement\u00a0\u00bb.<\/p>\n\n\n\n<h4 class=\"wp-block-heading has-vivid-red-color has-text-color has-link-color wp-elements-c571a1bc56a4adb2591020c5e0f994e4\" id=\"h-nbsp-4-variez-les-formats-de-cartes-pour-maintenir-l-interet-nbsp-nbsp\"><strong>&nbsp;4. Variez les formats de cartes pour maintenir l\u2019int\u00e9r\u00eat&nbsp;&nbsp;<\/strong><\/h4>\n\n\n\n<p>L\u2019alternance entre les diff\u00e9rentes cartes disponibles permet de cr\u00e9er un rythme efficace et \u00e9vite la monotonie du cours.&nbsp;<\/p>\n\n\n\n<h4 class=\"wp-block-heading has-vivid-red-color has-text-color has-link-color wp-elements-cb0f75b6ec701a26f0bed6ce01d7dce2\" id=\"h-nbsp-5-pensez-au-rythme-et-a-la-progression-du-carrousel-en-utilisant-des-structures-comme-le-storytelling-ou-la-chronologie-nbsp-nbsp\"><strong>&nbsp;5. Pensez au rythme et \u00e0 la progression du carrousel en utilisant des structures comme le storytelling ou la chronologie&nbsp;&nbsp;<\/strong><\/h4>\n\n\n\n<p>Un bon carrousel doit guider l\u2019apprenant d\u2019une id\u00e9e \u00e0 l\u2019autre de mani\u00e8re fluide. Vous pouvez structurer votre s\u00e9quence avec :&nbsp;&nbsp;<\/p>\n\n\n\n<ul class=\"wp-block-list\">\n<li>Le storytelling\u00a0\u00a0<\/li>\n\n\n\n<li>Une chronologie\u00a0<\/li>\n\n\n\n<li>Une progression p\u00e9dagogique<\/li>\n<\/ul>\n\n\n\n<h4 class=\"wp-block-heading has-vivid-red-color has-text-color has-link-color wp-elements-e1f47f4b2abde9b10756c2b6dbddcd04\" id=\"h-nbsp-6-harmonisez-la-charte-graphique-pour-une-experience-utilisateur-fluide-nbsp-nbsp\"><strong>&nbsp;6. Harmonisez la charte graphique pour une exp\u00e9rience utilisateur fluide&nbsp;&nbsp;<\/strong><\/h4>\n\n\n\n<p>La coh\u00e9rence visuelle est essentielle pour une lecture fluide. Assurez-vous que :&nbsp;&nbsp;<\/p>\n\n\n\n<ul class=\"wp-block-list\">\n<li>Les couleurs sont homog\u00e8nes.\u00a0\u00a0<\/li>\n\n\n\n<li>L\u2019alignement et la taille des titres sont harmonieux.\u00a0<\/li>\n\n\n\n<li>Les listes \u00e0 puces et autres \u00e9l\u00e9ments structurants sont utilis\u00e9s avec parcimonie.\u00a0\u00a0<\/li>\n<\/ul>\n\n\n\n<h4 class=\"wp-block-heading has-vivid-red-color has-text-color has-link-color wp-elements-57855d2c9c4cec69fc6e596d50662259\" id=\"h-nbsp-7-ajoutez-des-elements-visuels-bannieres-images-immersives-pour-illustrer-vos-cartes\"><strong>&nbsp;7. Ajoutez des \u00e9l\u00e9ments visuels (banni\u00e8res, images immersives) pour illustrer vos cartes<\/strong><\/h4>\n\n\n\n<p>L\u2019ajout de banni\u00e8res permet d\u2019illustrer le haut et le bas de votre carte, format recommand\u00e9 : 768 x 50 px.<\/p>\n\n\n\n<p>De la m\u00eame fa\u00e7on, des images occupant la totalit\u00e9 de l\u2019\u00e9cran permettent de cr\u00e9er un parcours plus immersif, format recommand\u00e9 : 768 x 1400 px.<\/p>\n\n\n\n<figure class=\"wp-block-image aligncenter size-large is-resized\"><img loading=\"lazy\" decoding=\"async\" width=\"1024\" height=\"928\" src=\"https:\/\/www.teachonmars.com\/wp-content\/uploads\/2025\/03\/1.-Image-plein-ecran-1024x928.png\" alt=\"\" class=\"wp-image-43991\" style=\"width:auto;height:300px\" srcset=\"https:\/\/www.teachonmars.com\/wp-content\/uploads\/2025\/03\/1.-Image-plein-ecran-980x888.png 980w, https:\/\/www.teachonmars.com\/wp-content\/uploads\/2025\/03\/1.-Image-plein-ecran-480x435.png 480w\" sizes=\"auto, (min-width: 0px) and (max-width: 480px) 480px, (min-width: 481px) and (max-width: 980px) 980px, (min-width: 981px) 1024px, 100vw\" \/><\/figure>\n\n\n\n<h4 class=\"wp-block-heading has-vivid-red-color has-text-color has-link-color wp-elements-ed95496d100ac4131f19ba35176cf459\" id=\"h-8-utilisez-des-reperes-visuels-pour-guider-de-l-apprenant-nbsp-nbsp\"><strong>8. Utilisez des rep\u00e8res visuels pour guider de l\u2019apprenant&nbsp;&nbsp;<\/strong><\/h4>\n\n\n\n<p>Guidez les apprenants avec des curseurs pour illustrer la progression et les \u201crassurer\u201d sur la longueur du carrousel. .<\/p>\n\n\n\n<figure class=\"wp-block-image aligncenter size-large\"><img loading=\"lazy\" decoding=\"async\" width=\"1024\" height=\"504\" src=\"https:\/\/www.teachonmars.com\/wp-content\/uploads\/2025\/03\/2.-Curseur-progression-1024x504.png\" alt=\"\" class=\"wp-image-43993\" srcset=\"https:\/\/www.teachonmars.com\/wp-content\/uploads\/2025\/03\/2.-Curseur-progression-980x483.png 980w, https:\/\/www.teachonmars.com\/wp-content\/uploads\/2025\/03\/2.-Curseur-progression-480x236.png 480w\" sizes=\"auto, (min-width: 0px) and (max-width: 480px) 480px, (min-width: 481px) and (max-width: 980px) 980px, (min-width: 981px) 1024px, 100vw\" \/><\/figure>\n\n\n\n<h4 class=\"wp-block-heading has-vivid-red-color has-text-color has-link-color wp-elements-18efbce94e9053531e5be84b3484f1c9\" id=\"h-nbsp-9-misez-sur-un-mix-media-en-combinant-images-videos-et-sons-pour-enrichir-l-experience-nbsp-nbsp\"><strong>&nbsp;9. Misez sur un mix m\u00e9dia en combinant images, vid\u00e9os et sons pour enrichir l\u2019exp\u00e9rience&nbsp;&nbsp;<\/strong><\/h4>\n\n\n\n<p>Les carrousels sont d\u2019autant plus impactants quand ils combinent des typologies de m\u00e9dias vari\u00e9es :&nbsp;<\/p>\n\n\n\n<ul class=\"wp-block-list\">\n<li>Des mini-vid\u00e9os explicatives pour illustrer un point pr\u00e9cis (ex : fa\u00e7on de pr\u00e9senter un produit)<\/li>\n\n\n\n<li>Des extraits audio (ex : dialogue avec un client)<\/li>\n\n\n\n<li>Des infographies pour r\u00e9capituler des \u00e9tapes cl\u00e9s, des points cl\u00e9s.\u00a0<\/li>\n<\/ul>\n\n\n\n<h4 class=\"wp-block-heading has-vivid-red-color has-text-color has-link-color wp-elements-7185708e883e09925fd0f93fac8c9979\" id=\"h-10-integrez-des-exemples-concrets-et-des-retours-terrain-pour-donner-du-sens-aux-contenus-nbsp-nbsp\"><strong>10. Int\u00e9grez des exemples concrets et des retours terrain pour donner du sens aux contenus&nbsp;&nbsp;<\/strong><\/h4>\n\n\n\n<p>L\u2019ancrage dans le r\u00e9el est un levier important pour la compr\u00e9hension et l\u2019assimilation. Vous pouvez :&nbsp;&nbsp;<\/p>\n\n\n\n<ul class=\"wp-block-list\">\n<li>inclure des t\u00e9moignages d\u2019experts ou d\u2019utilisateurs pour illustrer des bonnes pratiques.\u00a0\u00a0<\/li>\n\n\n\n<li>ajouter des photos terrain pour contextualiser la formation (ex : en boutique, en atelier\u2026)<\/li>\n<\/ul>\n\n\n\n<h4 class=\"wp-block-heading has-vivid-red-color has-text-color has-link-color wp-elements-d6b34445e6cb0ddffe87d08f135a82ac\" id=\"h-nbsp-11-ajoutez-une-carte-memo-en-fin-de-parcours-pour-renforcer-la-retention-des-informations-nbsp-nbsp\"><strong>&nbsp;11. Ajoutez une carte m\u00e9mo en fin de parcours pour renforcer la r\u00e9tention des informations&nbsp;&nbsp;<\/strong><\/h4>\n\n\n\n<p>Les apprenants retiennent mieux quand on leur r\u00e9sume les points cl\u00e9s \u00e0 la fin. Ajoutez une carte synth\u00e8se avec les 3 \u00e0 5 id\u00e9es principales abord\u00e9es.&nbsp;&nbsp;<\/p>\n\n\n\n<h4 class=\"wp-block-heading has-vivid-red-color has-text-color has-link-color wp-elements-25098a5791d7130b8a1980f7a818b82e\" id=\"h-nbsp-12-experimentez-les-nouvelles-tendances-timelines-interviews-comics-top-5-pour-moderniser-vos-formations-nbsp-nbsp\"><strong>&nbsp;12. Exp\u00e9rimentez les nouvelles tendances (timelines, interviews, comics, top 5\u2026) pour moderniser vos formations&nbsp;&nbsp;<\/strong><\/h4>\n\n\n\n<p>Innovez en testant des formats plus ludiques et dynamiques :&nbsp;&nbsp;<\/p>\n\n\n\n<ul class=\"wp-block-list\">\n<li>Timeline : pr\u00e9sentez une \u00e9volution dans le temps (ex : \u00e9tapes d\u2019un projet, histoire de la marque).\u00a0\u00a0<\/li>\n\n\n\n<li>Interview : mettez en avant un t\u00e9moignage sous forme de questions\/r\u00e9ponses.<\/li>\n\n\n\n<li>BD \/ Roman photo : rendez le contenu plus narratif et immersif.\u00a0<\/li>\n\n\n\n<li>Top 5 : classez les informations sous forme de classement (Top 5 erreurs \u00e0 \u00e9viter, Top 5 conseils\u2026).\u00a0\u00a0<\/li>\n<\/ul>\n\n\n\n<p><\/p>\n\n\n\n<h2 class=\"wp-block-heading\" id=\"h-et-maintenant-a-vous-de-jouer\"><strong>Et maintenant ? \u00c0 vous de jouer !<\/strong><\/h2>\n\n\n\n<p>Ce SkyLAB vous a donn\u00e9 envie de repenser vos carrousels de cours ? Appliquez ces recommandations et partagez-nous vos cr\u00e9ations !<\/p>\n\n\n\n<p>Un grand merci \u00e0 tous les participants pour leur enthousiasme. <\/p>\n\n\n\n<p>Rendez-vous tr\u00e8s vite pour un nouveau SkyLAB ! \ud83d\ude80<\/p>\n\n\n\n<p><\/p>\n\n\n\n<p><\/p>\n","protected":false},"excerpt":{"rendered":"<p>Le mardi 11 f\u00e9vrier dernier, nous avons eu le plaisir d\u2019animer un SkyLAB autour d\u2019un sujet cl\u00e9 du mobile learning : l\u2019art du carrousel. Une heure d\u2019\u00e9changes et  de conseils pratiques pour optimiser l\u2019usage de ce format dans les formations digitales. Vous n\u2019avez pas pu y assister ? Pas de panique ! Voici les \u00e9l\u00e9ments cl\u00e9s \u00e0 retenir.<\/p>\n","protected":false},"author":69,"featured_media":43987,"comment_status":"closed","ping_status":"closed","sticky":false,"template":"","format":"standard","meta":{"_et_pb_use_builder":"off","_et_pb_old_content":"","_et_gb_content_width":"","footnotes":""},"categories":[53],"tags":[638,640],"class_list":["post-43984","post","type-post","status-publish","format-standard","has-post-thumbnail","hentry","category-conseil-formateur","tag-carrousel","tag-mobile-course"],"yoast_head":"<!-- This site is optimized with the Yoast SEO Premium plugin v22.6 (Yoast SEO v27.5) - https:\/\/yoast.com\/product\/yoast-seo-premium-wordpress\/ -->\n<title>Vous avez manqu\u00e9 notre SkyLAB ? Voici ce qu\u2019il fallait en retenir ! - Teach on Mars<\/title>\n<meta name=\"description\" content=\"Le mardi 11 f\u00e9vrier dernier, nous avons eu le plaisir d\u2019animer un SkyLAB autour d\u2019un sujet cl\u00e9 du mobile learning : l\u2019art du carrousel. Une heure d\u2019\u00e9changes et de conseils pratiques pour optimiser l\u2019usage de ce format dans les formations digitales. Vous n\u2019avez pas pu y assister ? Pas de panique ! Voici les \u00e9l\u00e9ments cl\u00e9s \u00e0 retenir.\" \/>\n<meta name=\"robots\" content=\"index, follow, max-snippet:-1, max-image-preview:large, max-video-preview:-1\" \/>\n<link rel=\"canonical\" href=\"https:\/\/www.teachonmars.com\/fr\/blog\/2025\/03\/vous-avez-manque-notre-skylab-voici-ce-quil-fallait-en-retenir\/\" \/>\n<meta property=\"og:locale\" content=\"fr_FR\" \/>\n<meta property=\"og:type\" content=\"article\" \/>\n<meta property=\"og:title\" content=\"Vous avez manqu\u00e9 notre SkyLAB ? Voici ce qu\u2019il fallait en retenir !\" \/>\n<meta property=\"og:description\" content=\"Le mardi 11 f\u00e9vrier dernier, nous avons eu le plaisir d\u2019animer un SkyLAB autour d\u2019un sujet cl\u00e9 du mobile learning : l\u2019art du carrousel. Une heure d\u2019\u00e9changes et de conseils pratiques pour optimiser l\u2019usage de ce format dans les formations digitales. Vous n\u2019avez pas pu y assister ? Pas de panique ! Voici les \u00e9l\u00e9ments cl\u00e9s \u00e0 retenir.\" \/>\n<meta property=\"og:url\" content=\"https:\/\/www.teachonmars.com\/fr\/blog\/2025\/03\/vous-avez-manque-notre-skylab-voici-ce-quil-fallait-en-retenir\/\" \/>\n<meta property=\"og:site_name\" content=\"Teach on Mars\" \/>\n<meta property=\"article:publisher\" content=\"https:\/\/www.facebook.com\/teachonmars.fr\/\" \/>\n<meta property=\"article:published_time\" content=\"2025-03-26T11:03:46+00:00\" \/>\n<meta property=\"article:modified_time\" content=\"2025-03-26T11:03:49+00:00\" \/>\n<meta property=\"og:image\" content=\"https:\/\/www.teachonmars.com\/wp-content\/uploads\/2025\/03\/couv_skylab.png\" \/>\n\t<meta property=\"og:image:width\" content=\"851\" \/>\n\t<meta property=\"og:image:height\" content=\"315\" \/>\n\t<meta property=\"og:image:type\" content=\"image\/png\" \/>\n<meta name=\"author\" content=\"K\u00e9vin Papin\" \/>\n<meta name=\"twitter:card\" content=\"summary_large_image\" \/>\n<meta name=\"twitter:creator\" content=\"@TeachonMarsfr\" \/>\n<meta name=\"twitter:site\" content=\"@TeachonMarsfr\" \/>\n<meta name=\"twitter:label1\" content=\"\u00c9crit par\" \/>\n\t<meta name=\"twitter:data1\" content=\"K\u00e9vin Papin\" \/>\n\t<meta name=\"twitter:label2\" content=\"Dur\u00e9e de lecture estim\u00e9e\" \/>\n\t<meta name=\"twitter:data2\" content=\"6 minutes\" \/>\n<script type=\"application\/ld+json\" class=\"yoast-schema-graph\">{\"@context\":\"https:\\\/\\\/schema.org\",\"@graph\":[{\"@type\":\"Article\",\"@id\":\"https:\\\/\\\/www.teachonmars.com\\\/fr\\\/blog\\\/2025\\\/03\\\/vous-avez-manque-notre-skylab-voici-ce-quil-fallait-en-retenir\\\/#article\",\"isPartOf\":{\"@id\":\"https:\\\/\\\/www.teachonmars.com\\\/fr\\\/blog\\\/2025\\\/03\\\/vous-avez-manque-notre-skylab-voici-ce-quil-fallait-en-retenir\\\/\"},\"author\":{\"name\":\"K\u00e9vin Papin\",\"@id\":\"https:\\\/\\\/www.teachonmars.com\\\/fr\\\/#\\\/schema\\\/person\\\/c395b1d3bd924ef21b7c445d9a7999cf\"},\"headline\":\"Vous avez manqu\u00e9 notre SkyLAB ? Voici ce qu\u2019il fallait en retenir !\",\"datePublished\":\"2025-03-26T11:03:46+00:00\",\"dateModified\":\"2025-03-26T11:03:49+00:00\",\"mainEntityOfPage\":{\"@id\":\"https:\\\/\\\/www.teachonmars.com\\\/fr\\\/blog\\\/2025\\\/03\\\/vous-avez-manque-notre-skylab-voici-ce-quil-fallait-en-retenir\\\/\"},\"wordCount\":1006,\"publisher\":{\"@id\":\"https:\\\/\\\/www.teachonmars.com\\\/fr\\\/#organization\"},\"image\":{\"@id\":\"https:\\\/\\\/www.teachonmars.com\\\/fr\\\/blog\\\/2025\\\/03\\\/vous-avez-manque-notre-skylab-voici-ce-quil-fallait-en-retenir\\\/#primaryimage\"},\"thumbnailUrl\":\"https:\\\/\\\/www.teachonmars.com\\\/wp-content\\\/uploads\\\/2025\\\/03\\\/couv_skylab.png\",\"keywords\":[\"carrousel\",\"mobile course\"],\"articleSection\":[\"Conseil formateur\"],\"inLanguage\":\"fr-FR\"},{\"@type\":\"WebPage\",\"@id\":\"https:\\\/\\\/www.teachonmars.com\\\/fr\\\/blog\\\/2025\\\/03\\\/vous-avez-manque-notre-skylab-voici-ce-quil-fallait-en-retenir\\\/\",\"url\":\"https:\\\/\\\/www.teachonmars.com\\\/fr\\\/blog\\\/2025\\\/03\\\/vous-avez-manque-notre-skylab-voici-ce-quil-fallait-en-retenir\\\/\",\"name\":\"Vous avez manqu\u00e9 notre SkyLAB ? Voici ce qu\u2019il fallait en retenir ! - Teach on Mars\",\"isPartOf\":{\"@id\":\"https:\\\/\\\/www.teachonmars.com\\\/fr\\\/#website\"},\"primaryImageOfPage\":{\"@id\":\"https:\\\/\\\/www.teachonmars.com\\\/fr\\\/blog\\\/2025\\\/03\\\/vous-avez-manque-notre-skylab-voici-ce-quil-fallait-en-retenir\\\/#primaryimage\"},\"image\":{\"@id\":\"https:\\\/\\\/www.teachonmars.com\\\/fr\\\/blog\\\/2025\\\/03\\\/vous-avez-manque-notre-skylab-voici-ce-quil-fallait-en-retenir\\\/#primaryimage\"},\"thumbnailUrl\":\"https:\\\/\\\/www.teachonmars.com\\\/wp-content\\\/uploads\\\/2025\\\/03\\\/couv_skylab.png\",\"datePublished\":\"2025-03-26T11:03:46+00:00\",\"dateModified\":\"2025-03-26T11:03:49+00:00\",\"description\":\"Le mardi 11 f\u00e9vrier dernier, nous avons eu le plaisir d\u2019animer un SkyLAB autour d\u2019un sujet cl\u00e9 du mobile learning : l\u2019art du carrousel. Une heure d\u2019\u00e9changes et de conseils pratiques pour optimiser l\u2019usage de ce format dans les formations digitales. Vous n\u2019avez pas pu y assister ? Pas de panique ! Voici les \u00e9l\u00e9ments cl\u00e9s \u00e0 retenir.\",\"breadcrumb\":{\"@id\":\"https:\\\/\\\/www.teachonmars.com\\\/fr\\\/blog\\\/2025\\\/03\\\/vous-avez-manque-notre-skylab-voici-ce-quil-fallait-en-retenir\\\/#breadcrumb\"},\"inLanguage\":\"fr-FR\",\"potentialAction\":[{\"@type\":\"ReadAction\",\"target\":[\"https:\\\/\\\/www.teachonmars.com\\\/fr\\\/blog\\\/2025\\\/03\\\/vous-avez-manque-notre-skylab-voici-ce-quil-fallait-en-retenir\\\/\"]}]},{\"@type\":\"ImageObject\",\"inLanguage\":\"fr-FR\",\"@id\":\"https:\\\/\\\/www.teachonmars.com\\\/fr\\\/blog\\\/2025\\\/03\\\/vous-avez-manque-notre-skylab-voici-ce-quil-fallait-en-retenir\\\/#primaryimage\",\"url\":\"https:\\\/\\\/www.teachonmars.com\\\/wp-content\\\/uploads\\\/2025\\\/03\\\/couv_skylab.png\",\"contentUrl\":\"https:\\\/\\\/www.teachonmars.com\\\/wp-content\\\/uploads\\\/2025\\\/03\\\/couv_skylab.png\",\"width\":851,\"height\":315},{\"@type\":\"BreadcrumbList\",\"@id\":\"https:\\\/\\\/www.teachonmars.com\\\/fr\\\/blog\\\/2025\\\/03\\\/vous-avez-manque-notre-skylab-voici-ce-quil-fallait-en-retenir\\\/#breadcrumb\",\"itemListElement\":[{\"@type\":\"ListItem\",\"position\":1,\"name\":\"Accueil\",\"item\":\"https:\\\/\\\/www.teachonmars.com\\\/fr\\\/\"},{\"@type\":\"ListItem\",\"position\":2,\"name\":\"Conseil formateur\",\"item\":\"https:\\\/\\\/www.teachonmars.com\\\/fr\\\/blog\\\/categorie\\\/conseil-formateur\\\/\"},{\"@type\":\"ListItem\",\"position\":3,\"name\":\"Vous avez manqu\u00e9 notre SkyLAB ? Voici ce qu\u2019il fallait en retenir !\"}]},{\"@type\":\"WebSite\",\"@id\":\"https:\\\/\\\/www.teachonmars.com\\\/fr\\\/#website\",\"url\":\"https:\\\/\\\/www.teachonmars.com\\\/fr\\\/\",\"name\":\"Teach on Mars\",\"description\":\"More Learning Moments. Better Future.\",\"publisher\":{\"@id\":\"https:\\\/\\\/www.teachonmars.com\\\/fr\\\/#organization\"},\"potentialAction\":[{\"@type\":\"SearchAction\",\"target\":{\"@type\":\"EntryPoint\",\"urlTemplate\":\"https:\\\/\\\/www.teachonmars.com\\\/fr\\\/?s={search_term_string}\"},\"query-input\":{\"@type\":\"PropertyValueSpecification\",\"valueRequired\":true,\"valueName\":\"search_term_string\"}}],\"inLanguage\":\"fr-FR\"},{\"@type\":\"Organization\",\"@id\":\"https:\\\/\\\/www.teachonmars.com\\\/fr\\\/#organization\",\"name\":\"Teach on Mars\",\"url\":\"https:\\\/\\\/www.teachonmars.com\\\/fr\\\/\",\"logo\":{\"@type\":\"ImageObject\",\"inLanguage\":\"fr-FR\",\"@id\":\"https:\\\/\\\/www.teachonmars.com\\\/fr\\\/#\\\/schema\\\/logo\\\/image\\\/\",\"url\":\"https:\\\/\\\/www.teachonmars.com\\\/wp-content\\\/uploads\\\/2024\\\/04\\\/logo-Teach-on-march-by-lumapps-1.png\",\"contentUrl\":\"https:\\\/\\\/www.teachonmars.com\\\/wp-content\\\/uploads\\\/2024\\\/04\\\/logo-Teach-on-march-by-lumapps-1.png\",\"width\":1052,\"height\":194,\"caption\":\"Teach on Mars\"},\"image\":{\"@id\":\"https:\\\/\\\/www.teachonmars.com\\\/fr\\\/#\\\/schema\\\/logo\\\/image\\\/\"},\"sameAs\":[\"https:\\\/\\\/www.facebook.com\\\/teachonmars.fr\\\/\",\"https:\\\/\\\/x.com\\\/TeachonMarsfr\",\"https:\\\/\\\/www.linkedin.com\\\/company\\\/teach-on-mars\\\/\"]},{\"@type\":\"Person\",\"@id\":\"https:\\\/\\\/www.teachonmars.com\\\/fr\\\/#\\\/schema\\\/person\\\/c395b1d3bd924ef21b7c445d9a7999cf\",\"name\":\"K\u00e9vin Papin\",\"image\":{\"@type\":\"ImageObject\",\"inLanguage\":\"fr-FR\",\"@id\":\"https:\\\/\\\/secure.gravatar.com\\\/avatar\\\/8be021b51cfd55f7c3d22f806d249d387b26236dc303abdba2a3d33c1c01793a?s=96&d=mm&r=g\",\"url\":\"https:\\\/\\\/secure.gravatar.com\\\/avatar\\\/8be021b51cfd55f7c3d22f806d249d387b26236dc303abdba2a3d33c1c01793a?s=96&d=mm&r=g\",\"contentUrl\":\"https:\\\/\\\/secure.gravatar.com\\\/avatar\\\/8be021b51cfd55f7c3d22f806d249d387b26236dc303abdba2a3d33c1c01793a?s=96&d=mm&r=g\",\"caption\":\"K\u00e9vin Papin\"},\"description\":\"Expert en didactique et passionn\u00e9 de langues et de technologies \u00e9ducatives, Kevin se sp\u00e9cialise dans la formation aux adultes en contexte pr\u00e9sentiel, hybride et \u00e0 distance (e-learning). Fort d\u2019un parcours de 10 ans en tant qu\u2019enseignant-chercheur au sein de grandes universit\u00e9s canadiennes, il souhaite d\u00e9sormais mettre \u00e0 profit son expertise p\u00e9dagogique au service des entreprises afin de les accompagner dans la conception de parcours de formation favorisant la r\u00e9ussite et l'inclusion.\"}]}<\/script>\n<!-- \/ Yoast SEO Premium plugin. -->","yoast_head_json":{"title":"Vous avez manqu\u00e9 notre SkyLAB ? Voici ce qu\u2019il fallait en retenir ! - Teach on Mars","description":"Le mardi 11 f\u00e9vrier dernier, nous avons eu le plaisir d\u2019animer un SkyLAB autour d\u2019un sujet cl\u00e9 du mobile learning : l\u2019art du carrousel. Une heure d\u2019\u00e9changes et de conseils pratiques pour optimiser l\u2019usage de ce format dans les formations digitales. Vous n\u2019avez pas pu y assister ? Pas de panique ! Voici les \u00e9l\u00e9ments cl\u00e9s \u00e0 retenir.","robots":{"index":"index","follow":"follow","max-snippet":"max-snippet:-1","max-image-preview":"max-image-preview:large","max-video-preview":"max-video-preview:-1"},"canonical":"https:\/\/www.teachonmars.com\/fr\/blog\/2025\/03\/vous-avez-manque-notre-skylab-voici-ce-quil-fallait-en-retenir\/","og_locale":"fr_FR","og_type":"article","og_title":"Vous avez manqu\u00e9 notre SkyLAB ? Voici ce qu\u2019il fallait en retenir !","og_description":"Le mardi 11 f\u00e9vrier dernier, nous avons eu le plaisir d\u2019animer un SkyLAB autour d\u2019un sujet cl\u00e9 du mobile learning : l\u2019art du carrousel. Une heure d\u2019\u00e9changes et de conseils pratiques pour optimiser l\u2019usage de ce format dans les formations digitales. Vous n\u2019avez pas pu y assister ? Pas de panique ! Voici les \u00e9l\u00e9ments cl\u00e9s \u00e0 retenir.","og_url":"https:\/\/www.teachonmars.com\/fr\/blog\/2025\/03\/vous-avez-manque-notre-skylab-voici-ce-quil-fallait-en-retenir\/","og_site_name":"Teach on Mars","article_publisher":"https:\/\/www.facebook.com\/teachonmars.fr\/","article_published_time":"2025-03-26T11:03:46+00:00","article_modified_time":"2025-03-26T11:03:49+00:00","og_image":[{"width":851,"height":315,"url":"https:\/\/www.teachonmars.com\/wp-content\/uploads\/2025\/03\/couv_skylab.png","type":"image\/png"}],"author":"K\u00e9vin Papin","twitter_card":"summary_large_image","twitter_creator":"@TeachonMarsfr","twitter_site":"@TeachonMarsfr","twitter_misc":{"\u00c9crit par":"K\u00e9vin Papin","Dur\u00e9e de lecture estim\u00e9e":"6 minutes"},"schema":{"@context":"https:\/\/schema.org","@graph":[{"@type":"Article","@id":"https:\/\/www.teachonmars.com\/fr\/blog\/2025\/03\/vous-avez-manque-notre-skylab-voici-ce-quil-fallait-en-retenir\/#article","isPartOf":{"@id":"https:\/\/www.teachonmars.com\/fr\/blog\/2025\/03\/vous-avez-manque-notre-skylab-voici-ce-quil-fallait-en-retenir\/"},"author":{"name":"K\u00e9vin Papin","@id":"https:\/\/www.teachonmars.com\/fr\/#\/schema\/person\/c395b1d3bd924ef21b7c445d9a7999cf"},"headline":"Vous avez manqu\u00e9 notre SkyLAB ? Voici ce qu\u2019il fallait en retenir !","datePublished":"2025-03-26T11:03:46+00:00","dateModified":"2025-03-26T11:03:49+00:00","mainEntityOfPage":{"@id":"https:\/\/www.teachonmars.com\/fr\/blog\/2025\/03\/vous-avez-manque-notre-skylab-voici-ce-quil-fallait-en-retenir\/"},"wordCount":1006,"publisher":{"@id":"https:\/\/www.teachonmars.com\/fr\/#organization"},"image":{"@id":"https:\/\/www.teachonmars.com\/fr\/blog\/2025\/03\/vous-avez-manque-notre-skylab-voici-ce-quil-fallait-en-retenir\/#primaryimage"},"thumbnailUrl":"https:\/\/www.teachonmars.com\/wp-content\/uploads\/2025\/03\/couv_skylab.png","keywords":["carrousel","mobile course"],"articleSection":["Conseil formateur"],"inLanguage":"fr-FR"},{"@type":"WebPage","@id":"https:\/\/www.teachonmars.com\/fr\/blog\/2025\/03\/vous-avez-manque-notre-skylab-voici-ce-quil-fallait-en-retenir\/","url":"https:\/\/www.teachonmars.com\/fr\/blog\/2025\/03\/vous-avez-manque-notre-skylab-voici-ce-quil-fallait-en-retenir\/","name":"Vous avez manqu\u00e9 notre SkyLAB ? Voici ce qu\u2019il fallait en retenir ! - Teach on Mars","isPartOf":{"@id":"https:\/\/www.teachonmars.com\/fr\/#website"},"primaryImageOfPage":{"@id":"https:\/\/www.teachonmars.com\/fr\/blog\/2025\/03\/vous-avez-manque-notre-skylab-voici-ce-quil-fallait-en-retenir\/#primaryimage"},"image":{"@id":"https:\/\/www.teachonmars.com\/fr\/blog\/2025\/03\/vous-avez-manque-notre-skylab-voici-ce-quil-fallait-en-retenir\/#primaryimage"},"thumbnailUrl":"https:\/\/www.teachonmars.com\/wp-content\/uploads\/2025\/03\/couv_skylab.png","datePublished":"2025-03-26T11:03:46+00:00","dateModified":"2025-03-26T11:03:49+00:00","description":"Le mardi 11 f\u00e9vrier dernier, nous avons eu le plaisir d\u2019animer un SkyLAB autour d\u2019un sujet cl\u00e9 du mobile learning : l\u2019art du carrousel. Une heure d\u2019\u00e9changes et de conseils pratiques pour optimiser l\u2019usage de ce format dans les formations digitales. Vous n\u2019avez pas pu y assister ? Pas de panique ! Voici les \u00e9l\u00e9ments cl\u00e9s \u00e0 retenir.","breadcrumb":{"@id":"https:\/\/www.teachonmars.com\/fr\/blog\/2025\/03\/vous-avez-manque-notre-skylab-voici-ce-quil-fallait-en-retenir\/#breadcrumb"},"inLanguage":"fr-FR","potentialAction":[{"@type":"ReadAction","target":["https:\/\/www.teachonmars.com\/fr\/blog\/2025\/03\/vous-avez-manque-notre-skylab-voici-ce-quil-fallait-en-retenir\/"]}]},{"@type":"ImageObject","inLanguage":"fr-FR","@id":"https:\/\/www.teachonmars.com\/fr\/blog\/2025\/03\/vous-avez-manque-notre-skylab-voici-ce-quil-fallait-en-retenir\/#primaryimage","url":"https:\/\/www.teachonmars.com\/wp-content\/uploads\/2025\/03\/couv_skylab.png","contentUrl":"https:\/\/www.teachonmars.com\/wp-content\/uploads\/2025\/03\/couv_skylab.png","width":851,"height":315},{"@type":"BreadcrumbList","@id":"https:\/\/www.teachonmars.com\/fr\/blog\/2025\/03\/vous-avez-manque-notre-skylab-voici-ce-quil-fallait-en-retenir\/#breadcrumb","itemListElement":[{"@type":"ListItem","position":1,"name":"Accueil","item":"https:\/\/www.teachonmars.com\/fr\/"},{"@type":"ListItem","position":2,"name":"Conseil formateur","item":"https:\/\/www.teachonmars.com\/fr\/blog\/categorie\/conseil-formateur\/"},{"@type":"ListItem","position":3,"name":"Vous avez manqu\u00e9 notre SkyLAB ? Voici ce qu\u2019il fallait en retenir !"}]},{"@type":"WebSite","@id":"https:\/\/www.teachonmars.com\/fr\/#website","url":"https:\/\/www.teachonmars.com\/fr\/","name":"Teach on Mars","description":"More Learning Moments. Better Future.","publisher":{"@id":"https:\/\/www.teachonmars.com\/fr\/#organization"},"potentialAction":[{"@type":"SearchAction","target":{"@type":"EntryPoint","urlTemplate":"https:\/\/www.teachonmars.com\/fr\/?s={search_term_string}"},"query-input":{"@type":"PropertyValueSpecification","valueRequired":true,"valueName":"search_term_string"}}],"inLanguage":"fr-FR"},{"@type":"Organization","@id":"https:\/\/www.teachonmars.com\/fr\/#organization","name":"Teach on Mars","url":"https:\/\/www.teachonmars.com\/fr\/","logo":{"@type":"ImageObject","inLanguage":"fr-FR","@id":"https:\/\/www.teachonmars.com\/fr\/#\/schema\/logo\/image\/","url":"https:\/\/www.teachonmars.com\/wp-content\/uploads\/2024\/04\/logo-Teach-on-march-by-lumapps-1.png","contentUrl":"https:\/\/www.teachonmars.com\/wp-content\/uploads\/2024\/04\/logo-Teach-on-march-by-lumapps-1.png","width":1052,"height":194,"caption":"Teach on Mars"},"image":{"@id":"https:\/\/www.teachonmars.com\/fr\/#\/schema\/logo\/image\/"},"sameAs":["https:\/\/www.facebook.com\/teachonmars.fr\/","https:\/\/x.com\/TeachonMarsfr","https:\/\/www.linkedin.com\/company\/teach-on-mars\/"]},{"@type":"Person","@id":"https:\/\/www.teachonmars.com\/fr\/#\/schema\/person\/c395b1d3bd924ef21b7c445d9a7999cf","name":"K\u00e9vin Papin","image":{"@type":"ImageObject","inLanguage":"fr-FR","@id":"https:\/\/secure.gravatar.com\/avatar\/8be021b51cfd55f7c3d22f806d249d387b26236dc303abdba2a3d33c1c01793a?s=96&d=mm&r=g","url":"https:\/\/secure.gravatar.com\/avatar\/8be021b51cfd55f7c3d22f806d249d387b26236dc303abdba2a3d33c1c01793a?s=96&d=mm&r=g","contentUrl":"https:\/\/secure.gravatar.com\/avatar\/8be021b51cfd55f7c3d22f806d249d387b26236dc303abdba2a3d33c1c01793a?s=96&d=mm&r=g","caption":"K\u00e9vin Papin"},"description":"Expert en didactique et passionn\u00e9 de langues et de technologies \u00e9ducatives, Kevin se sp\u00e9cialise dans la formation aux adultes en contexte pr\u00e9sentiel, hybride et \u00e0 distance (e-learning). Fort d\u2019un parcours de 10 ans en tant qu\u2019enseignant-chercheur au sein de grandes universit\u00e9s canadiennes, il souhaite d\u00e9sormais mettre \u00e0 profit son expertise p\u00e9dagogique au service des entreprises afin de les accompagner dans la conception de parcours de formation favorisant la r\u00e9ussite et l'inclusion."}]}},"_links":{"self":[{"href":"https:\/\/www.teachonmars.com\/fr\/wp-json\/wp\/v2\/posts\/43984","targetHints":{"allow":["GET"]}}],"collection":[{"href":"https:\/\/www.teachonmars.com\/fr\/wp-json\/wp\/v2\/posts"}],"about":[{"href":"https:\/\/www.teachonmars.com\/fr\/wp-json\/wp\/v2\/types\/post"}],"author":[{"embeddable":true,"href":"https:\/\/www.teachonmars.com\/fr\/wp-json\/wp\/v2\/users\/69"}],"replies":[{"embeddable":true,"href":"https:\/\/www.teachonmars.com\/fr\/wp-json\/wp\/v2\/comments?post=43984"}],"version-history":[{"count":0,"href":"https:\/\/www.teachonmars.com\/fr\/wp-json\/wp\/v2\/posts\/43984\/revisions"}],"wp:featuredmedia":[{"embeddable":true,"href":"https:\/\/www.teachonmars.com\/fr\/wp-json\/wp\/v2\/media\/43987"}],"wp:attachment":[{"href":"https:\/\/www.teachonmars.com\/fr\/wp-json\/wp\/v2\/media?parent=43984"}],"wp:term":[{"taxonomy":"category","embeddable":true,"href":"https:\/\/www.teachonmars.com\/fr\/wp-json\/wp\/v2\/categories?post=43984"},{"taxonomy":"post_tag","embeddable":true,"href":"https:\/\/www.teachonmars.com\/fr\/wp-json\/wp\/v2\/tags?post=43984"}],"curies":[{"name":"wp","href":"https:\/\/api.w.org\/{rel}","templated":true}]}}