{"id":3788,"date":"2017-07-21T17:59:45","date_gmt":"2017-07-21T15:59:45","guid":{"rendered":"https:\/\/www.teachonmars.com\/blog\/?p=3788"},"modified":"2022-05-27T16:58:38","modified_gmt":"2022-05-27T14:58:38","slug":"succes-pour-luniversite-dete-du-mobile-learning","status":"publish","type":"post","link":"https:\/\/www.teachonmars.com\/fr\/blog\/2017\/07\/succes-pour-luniversite-dete-du-mobile-learning\/","title":{"rendered":"Succ\u00e8s pour la 1\u00e8re \u00e9dition de l&rsquo;Universit\u00e9 d&rsquo;\u00c9t\u00e9 du Mobile Learning !"},"content":{"rendered":"<p>L&rsquo;Universit\u00e9 d&rsquo;\u00c9t\u00e9 du Mobile Learning des 4 et 5 juillet marquera de toute \u00e9vidence l&rsquo;histoire de Teach on Mars. Un \u00e9v\u00e9nement fondateur puisque pour la premi\u00e8re fois, la start-up r\u00e9unissait des responsables de programmes de formation de grandes entreprises pour deux jours d&rsquo;\u00e9changes constructifs. Retour sur cette premi\u00e8re \u00e9dition, dont le succ\u00e8s am\u00e8ne d&rsquo;ores et d\u00e9j\u00e0 l&rsquo;\u00e9quipe des Martiens \u00e0 r\u00e9fl\u00e9chir \u00e0 l&rsquo;\u00e9dition de l&rsquo;ann\u00e9e prochaine.<\/p>\n<p><iframe loading=\"lazy\" src=\"https:\/\/www.youtube.com\/embed\/Qgf4B9yhQUk\" width=\"560\" height=\"315\" frameborder=\"0\" allowfullscreen=\"allowfullscreen\"><\/iframe><\/p>\n<p>Mardi 4 juillet, midi : les participants arrivent \u00e0 l&rsquo;h\u00f4tel Beachcomber, accueillis par les \u00e9quipes parisienne et sophipolitaine de Teach on Mars. Apr\u00e8s un d\u00e9jeuner \u00e0 l&rsquo;ombre des palmiers, Vincent Desnot, Martien en chef, prend la parole le premier pour ouvrir officiellement la premi\u00e8re \u00e9dition de l&rsquo;Universit\u00e9 d&rsquo;\u00c9t\u00e9 du Mobile Learning.<\/p>\n<blockquote class=\"twitter-tweet\" data-lang=\"fr\">\n<p dir=\"ltr\" lang=\"fr\" style=\"text-align: center;\">Universit\u00e9 d&rsquo;\u00e9t\u00e9 du mobile learning by <a href=\"https:\/\/twitter.com\/TeachonMarsfr\">@TeachonMarsfr<\/a> : c&rsquo;est parti ! <a href=\"https:\/\/twitter.com\/hashtag\/ueml17?src=hash\">#ueml17<\/a> <a href=\"https:\/\/t.co\/V3ktpiO8A2\">pic.twitter.com\/V3ktpiO8A2<\/a><\/p>\n<p style=\"text-align: center;\">\u2014 Jad KFOURY (@JadKFOURY) <a href=\"https:\/\/twitter.com\/JadKFOURY\/status\/882276591191175168\">4 juillet 2017<\/a><\/p>\n<\/blockquote>\n<p style=\"text-align: center;\"><script async src=\"\/\/platform.twitter.com\/widgets.js\" charset=\u00ab\u00a0utf-8\"><\/script><\/p>\n<blockquote class=\"twitter-tweet\" data-lang=\"fr\">\n<p dir=\"ltr\" lang=\"fr\">? Faites de vos enseignants des h\u00e9ros ! <a href=\"https:\/\/twitter.com\/teachonmars\">@VincentDesnot<\/a><br \/>\nUniversit\u00e9 d&rsquo;\u00e9t\u00e9 <a href=\"https:\/\/twitter.com\/hashtag\/mobilelearning?src=hash\">#mobilelearning<\/a> <a href=\"https:\/\/twitter.com\/TeachonMarsfr\">@TeachonMarsfr<\/a> <a href=\"https:\/\/twitter.com\/hashtag\/UEML17?src=hash\">#UEML17<\/a> <a href=\"https:\/\/t.co\/smqxL43C6J\">pic.twitter.com\/smqxL43C6J<\/a><\/p>\n<p>\u2014 Christophe Solier (@Chris_SOLIER) <a href=\"https:\/\/twitter.com\/Chris_SOLIER\/status\/882215512981352448\">4 juillet 2017<\/a><\/p><\/blockquote>\n<p style=\"text-align: center;\"><script async src=\"\/\/platform.twitter.com\/widgets.js\" charset=\u00ab\u00a0utf-8\"><\/script><\/p>\n<p>&nbsp;<\/p>\n<h3>\u00ab\u00a0Education is the most powerful weapon which you can use to change the world\u00a0\u00bb<\/h3>\n<p>C&rsquo;est avec cette citation de Nelson Mandela que les discours d\u00e9butent, mais aussi avec une question : comment accompagner l&rsquo;apprenant pour le guider dans ce monde complexe et le rendre ma\u00eetre de son apprentissage ? R\u00e9fl\u00e9chir \u00e0 former diff\u00e9remment, c&rsquo;est bien l&rsquo;objectif des deux jours. La mission de Teach on Mars est d&rsquo;aider \u00e0 insuffler le changement et embarquer des explorateurs pour inventer le futur de la formation.<\/p>\n<p>Le futur de la formation, justement, c&rsquo;est Tiphaine Duchet, Customer Solutions Director chez Teach on Mars, qui en parle pendant sa conf\u00e9rence sur le Digital Learning. Son souhait ? Que l&rsquo;on supprime une bonne fois pour toutes ces fameuses 7 heures de formation, que l&rsquo;on permette \u00e0 tous les formateurs de d\u00e9passer les fronti\u00e8res de la salle de classe et que la formation s&rsquo;inscrive enfin dans la r\u00e9alit\u00e9.<\/p>\n<blockquote class=\"twitter-tweet\" data-lang=\"fr\">\n<p dir=\"ltr\" lang=\"fr\">\u00ab\u00a0Le digital n&rsquo;est rien sans la dimension humaine\u00a0\u00bb <a href=\"https:\/\/twitter.com\/hashtag\/UEML17?src=hash\">#UEML17<\/a> <a href=\"https:\/\/twitter.com\/IFCAM\">@IFCAM<\/a> <a href=\"https:\/\/twitter.com\/MHLearning\">@MHLearning<\/a> <a href=\"https:\/\/twitter.com\/TeachonMarsfr\">@TeachonMarsfr<\/a> <a href=\"https:\/\/t.co\/iZCE2mQ1PO\">pic.twitter.com\/iZCE2mQ1PO<\/a><\/p>\n<p>\u2014 Pauline Hubert (@PaulineHubert_) <a href=\"https:\/\/twitter.com\/PaulineHubert_\/status\/882217706916917248\">4 juillet 2017<\/a><\/p><\/blockquote>\n<p style=\"text-align: center;\"><script async src=\"\/\/platform.twitter.com\/widgets.js\" charset=\u00ab\u00a0utf-8\"><\/script><\/p>\n<h3>Une table ronde riche en retours d&rsquo;exp\u00e9riences<\/h3>\n<p>Six interventions se sont encha\u00een\u00e9es lors de la table ronde qui avait pour th\u00e9matique l&rsquo;int\u00e9gration du Mobile Learning dans une strat\u00e9gie globale de formation. Des intervenants de prestige \u00e9taient pr\u00e9sents pour faire un retour sur leur propre exp\u00e9rience :<\/p>\n<ul>\n<li><strong>A\u00efda Diab<\/strong>, Directrice de l&rsquo;<a href=\"https:\/\/www.teachonmars.com\/blog\/2017\/04\/3313\/\">Asfored<\/a>, pour parler du projet d&rsquo;application FNAC<\/li>\n<li><strong>Gillian Brady<\/strong>,\u200e Chef Projet Formation et Ing\u00e9nierie P\u00e9dagogique HSE chez Total<\/li>\n<li><strong>Claire Delouis<\/strong>, Responsable d\u00e9veloppement formation chez <a href=\"https:\/\/www.teachonmars.com\/blog\/2015\/03\/clarins-forme-ses-conseilleres-beaute-grace-au-mobile-learning\/\">Clarins<\/a><\/li>\n<li><strong>Betty Abiliou<\/strong>, Digital learning manager, et <strong>Thomas Doeuve<\/strong>,\u00a0\u200eDigital learning manager &amp; International training development manager chez Vinci Energies<\/li>\n<li><strong>St\u00e9phanie Barral<\/strong>, Directrice de l&rsquo;<a href=\"https:\/\/www.teachonmars.com\/blog\/2017\/05\/oenobordeaux-application-promouvoir-vins-de-bordeaux-a-linternational\/\">\u00c9cole du Vin de Bordeaux<\/a><\/li>\n<\/ul>\n<div id=\"attachment_5566\" style=\"width: 810px\" class=\"wp-caption alignnone\"><a href=\"https:\/\/www.teachonmars.com\/blog\/wp-content\/uploads\/2017\/11\/universite-ete-mobile-leraning-2017-sketch-table-ronde.png\"><img loading=\"lazy\" decoding=\"async\" aria-describedby=\"caption-attachment-5566\" class=\"wp-image-5566 size-full\" title=\"Universit\u00e9 d'\u00c9t\u00e9 du Mobile Learning\" src=\"https:\/\/www.teachonmars.com\/blog\/wp-content\/uploads\/2017\/11\/universite-ete-mobile-leraning-2017-sketch-table-ronde.png\" alt=\"Sketchnote de la Table Ronde\" width=\"800\" height=\"542\" \/><\/a><p id=\"caption-attachment-5566\" class=\"wp-caption-text\">Sketchnote de la Table Ronde, cr\u00e9\u00e9e par Estelle Routier, DA chez Teach on Mars<\/p><\/div>\n<p>Le soir, les participants se retrouvent \u00e0 l&rsquo;h\u00f4tel Belles Rives de Juan-les-Pins, ancienne demeure de\u00a0F. Scott Fitzgerald et\u00a0premier h\u00f4tel \u00ab les pieds dans l\u2019eau \u00bb de la C\u00f4te d\u2019Azur, devenu mythique. Apr\u00e8s une photo de groupe sur le ponton de l&rsquo;h\u00f4tel au coucher de soleil, le d\u00eener est servi et les \u00e9changes continuent de plus belle.<\/p>\n<p>Le lendemain matin, les participants, r\u00e9partis en groupes, passent d&rsquo;atelier en atelier. Au programme : tout comprendre de l&rsquo;UX design, adapter sa strat\u00e9gie de gamification aux diff\u00e9rents profils de joueurs, utiliser les sciences cognitives pour am\u00e9liorer l&rsquo;engagement des apprenants et enfin d\u00e9couvrir les derni\u00e8res innovations technologiques et leurs applications en formation.<\/p>\n<p>Les participants cr\u00e9ent, proposent, d\u00e9battent autour des diff\u00e9rentes th\u00e9matiques. Ils exp\u00e9rimentent la r\u00e9alit\u00e9 virtuelle, les Beacons, l&rsquo;IoT (Internet of Things) ou encore les Chatbots, avec les \u00e9clairages de l&rsquo;\u00e9quipe R&amp;D de Teach on Mars. Les d\u00e9briefs de fin d&rsquo;atelier permettent \u00e0 tout le monde d&rsquo;imaginer comment transposer ces innovations dans leurs dispositifs de formation.<\/p>\n<p>&nbsp;<\/p>\n<blockquote class=\"twitter-tweet\" data-lang=\"fr\">\n<p dir=\"ltr\" lang=\"fr\">Session de game design : imaginer l&rsquo;activit\u00e9 de demain dans l&rsquo;app <a href=\"https:\/\/twitter.com\/TeachonMarsfr\">@TeachonMarsfr<\/a> : bon moment de cr\u00e9ativit\u00e9 et d&rsquo;\u00e9changes ! <a href=\"https:\/\/twitter.com\/hashtag\/ueml17?src=hash\">#ueml17<\/a> <a href=\"https:\/\/t.co\/NCefGU3qxx\">pic.twitter.com\/NCefGU3qxx<\/a><\/p>\n<p>\u2014 Jad KFOURY (@JadKFOURY) <a href=\"https:\/\/twitter.com\/JadKFOURY\/status\/882276973745238016\">4 juillet 2017<\/a><\/p><\/blockquote>\n<p style=\"text-align: center;\"><script async src=\"\/\/platform.twitter.com\/widgets.js\" charset=\u00ab\u00a0utf-8\"><\/script><\/p>\n<blockquote class=\"twitter-tweet\" data-lang=\"fr\">\n<p dir=\"ltr\" lang=\"fr\">Atelier sur les sens mobilisables en <a href=\"https:\/\/twitter.com\/hashtag\/mobilelearning?src=hash\">#mobilelearning<\/a> <a href=\"https:\/\/twitter.com\/hashtag\/ueml17?src=hash\">#ueml17<\/a> <a href=\"https:\/\/twitter.com\/TeachonMarsfr\">@TeachonMarsfr<\/a> <a href=\"https:\/\/t.co\/nhSBTMwuJ3\">pic.twitter.com\/nhSBTMwuJ3<\/a><\/p>\n<p>\u2014 Jad KFOURY (@JadKFOURY) <a href=\"https:\/\/twitter.com\/JadKFOURY\/status\/882551602762186752\">5 juillet 2017<\/a><\/p><\/blockquote>\n<p style=\"text-align: center;\"><script async src=\"\/\/platform.twitter.com\/widgets.js\" charset=\u00ab\u00a0utf-8\"><\/script><\/p>\n<h3><strong>Le Mobile Learning et l&rsquo;impact de la formation sur le business de l&rsquo;entreprise<\/strong><\/h3>\n<p>C&rsquo;est au tour de J\u00e9r\u00f4me Wargnier, Head of Education chez Teach on Mars et CEO d&rsquo;Alberon Partners de prendre la parole. L&rsquo;\u00e9valuation est un sujet central en formation, indispensable pour garantir une ing\u00e9nierie p\u00e9dagogique efficace avec des statistiques pr\u00e9cises. Le fondateur de la Teach on Mars Academy a donc d\u00e9montr\u00e9 en quoi le Mobile Learning peut largement faciliter cette mesure de l&rsquo;impact des formations, en proposant des solutions pour \u00ab\u00a0faire parler les chiffres\u00a0\u00bb.<\/p>\n<div id=\"attachment_3790\" style=\"width: 2746px\" class=\"wp-caption alignnone\"><a href=\"https:\/\/www.teachonmars.com\/blog\/wp-content\/uploads\/2017\/07\/euml_2017_sketch_note_4.jpg\"><img loading=\"lazy\" decoding=\"async\" aria-describedby=\"caption-attachment-3790\" class=\"wp-image-3790 size-full\" title=\"Universit\u00e9 d'\u00c9t\u00e9 du Mobile Learning\" src=\"https:\/\/www.teachonmars.com\/blog\/wp-content\/uploads\/2017\/07\/euml_2017_sketch_note_4.jpg\" alt=\"Sketchote de la conf\u00e9rence de J\u00e9r\u00f4me Wargnier, sur l'impact de la formation sur le business de l'entreprise\" width=\"2736\" height=\"1840\" \/><\/a><p id=\"caption-attachment-3790\" class=\"wp-caption-text\">Sketchnote de la conf\u00e9rence de J\u00e9r\u00f4me Wargnier (par Estelle Routier, Art Director chez Teach on Mars)<\/p><\/div>\n<p>En guise de closing, la\u00a0vid\u00e9o des nouveaut\u00e9s de la rentr\u00e9e chez Teach on Mars\u00a0 a \u00e9t\u00e9 projet\u00e9e en avant-premi\u00e8re. Puis les participants se sont vus proposer un Challenge \u00ab\u00a0Universit\u00e9 d&rsquo;\u00c9t\u00e9\u00a0\u00bb pour tester leurs connaissances sur ce qui avait \u00e9t\u00e9 vu lors des conf\u00e9rences et des ateliers. La premi\u00e8re du podium s&rsquo;est vue offrir sa participation pour l&rsquo;\u00e9dition 2018 !<\/p>\n<blockquote class=\"twitter-tweet\" data-lang=\"fr\">\n<p dir=\"ltr\" lang=\"fr\">\u00c9change de bonnes pratiques, coconstruction du <a href=\"https:\/\/twitter.com\/hashtag\/MobileLearning?src=hash\">#MobileLearning<\/a> de demain dans un cadre magnifique?A l&rsquo;ann\u00e9e prochaine <a href=\"https:\/\/twitter.com\/TeachonMarsfr\">@TeachonMarsfr<\/a> <a href=\"https:\/\/twitter.com\/hashtag\/UEML17?src=hash\">#UEML17<\/a> <a href=\"https:\/\/t.co\/sxzSgoVxu4\">pic.twitter.com\/sxzSgoVxu4<\/a><\/p>\n<p>\u2014 Aude Griller (@aude_griller) <a href=\"https:\/\/twitter.com\/aude_griller\/status\/882591459433697281\">5 juillet 2017<\/a><\/p><\/blockquote>\n<p><script async src=\"\/\/platform.twitter.com\/widgets.js\" charset=\u00ab\u00a0utf-8\"><\/script><\/p>\n<p><strong>Verbatim des participants :\u00a0<\/strong><\/p>\n<p><a href=\"https:\/\/www.teachonmars.com\/blog\/wp-content\/uploads\/2017\/07\/UEML-Verbatim.png\"><img loading=\"lazy\" decoding=\"async\" class=\"aligncenter wp-image-3882 size-large\" title=\"Universit\u00e9 d'\u00c9t\u00e9 du Mobile Learning\" src=\"https:\/\/www.teachonmars.com\/blog\/wp-content\/uploads\/2017\/07\/UEML-Verbatim-410x1024.png\" alt=\"Universit\u00e9 d'\u00c9t\u00e9 du Mobile Learning 2017 - VERBATIM\" width=\"410\" height=\"1024\" \/><\/a><\/p>\n<p>&nbsp;<\/p>\n<p>Cette premi\u00e8re \u00e9dition aura donc \u00e9t\u00e9 un succ\u00e8s et un \u00e9v\u00e9nement fondateur pour la cr\u00e9ation du <strong>Club Utilisateurs de Teach on Mars<\/strong>. Au programme : \u00e9v\u00e9nements, ateliers d&rsquo;\u00e9changes, club de beta testeurs et partage de bonnes pratiques pour que cette belle synergie continue toujours plus loin : \u00ab\u00a0The sky is not the limit!\u00a0\u00bb<\/p>\n<p><strong>Retrouvez la galerie photo des ateliers sur le <a href=\"https:\/\/summer-university.teachonmars.com\/#galerie-photo\">site de l&rsquo;Universit\u00e9 d&rsquo;\u00c9t\u00e9<\/a><\/strong><\/p>\n","protected":false},"excerpt":{"rendered":"<p>L&rsquo;Universit\u00e9 d&rsquo;\u00c9t\u00e9 du Mobile Learning des 4 et 5 juillet marquera de toute \u00e9vidence l&rsquo;histoire de Teach on Mars. Un \u00e9v\u00e9nement fondateur puisque pour la premi\u00e8re fois, la start-up r\u00e9unissait des responsables de programmes de formation de grandes entreprises pour deux jours d&rsquo;\u00e9changes constructifs. Retour sur cette premi\u00e8re \u00e9dition, dont le succ\u00e8s am\u00e8ne d&rsquo;ores et [&hellip;]<\/p>\n","protected":false},"author":16,"featured_media":11446,"comment_status":"open","ping_status":"open","sticky":false,"template":"","format":"standard","meta":{"_et_pb_use_builder":"","_et_pb_old_content":"","_et_gb_content_width":"","footnotes":""},"categories":[54],"tags":[],"class_list":["post-3788","post","type-post","status-publish","format-standard","has-post-thumbnail","hentry","category-actualite-teach-on-mars"],"yoast_head":"<!-- This site is optimized with the Yoast SEO Premium plugin v22.6 (Yoast SEO v27.5) - https:\/\/yoast.com\/product\/yoast-seo-premium-wordpress\/ -->\n<title>Succ\u00e8s pour la 1\u00e8re \u00e9dition de l&#039;Universit\u00e9 d&#039;\u00c9t\u00e9 du Mobile Learning !<\/title>\n<meta name=\"description\" content=\"Retour sur l&#039;\u00e9dition 2017 de l&#039;Universit\u00e9 d&#039;\u00c9t\u00e9 du Mobile Learning, \u00e9v\u00e9nement organis\u00e9 par Teach on Mars : ateliers, conf\u00e9rences : 2 journ\u00e9es de partage et retours d&#039;exp\u00e9rience. %\" \/>\n<meta name=\"robots\" content=\"noindex, follow\" \/>\n<meta property=\"og:locale\" content=\"fr_FR\" \/>\n<meta property=\"og:type\" content=\"article\" \/>\n<meta property=\"og:title\" content=\"Succ\u00e8s pour la 1\u00e8re \u00e9dition de l&#039;Universit\u00e9 d&#039;\u00c9t\u00e9 du Mobile Learning !\" \/>\n<meta property=\"og:description\" content=\"Retour sur l&#039;\u00e9dition 2017 de l&#039;Universit\u00e9 d&#039;\u00c9t\u00e9 du Mobile Learning, \u00e9v\u00e9nement organis\u00e9 par Teach on Mars : ateliers, conf\u00e9rences : 2 journ\u00e9es de partage et retours d&#039;exp\u00e9rience. %\" \/>\n<meta property=\"og:url\" content=\"https:\/\/www.teachonmars.com\/fr\/blog\/2017\/07\/succes-pour-luniversite-dete-du-mobile-learning\/\" \/>\n<meta property=\"og:site_name\" content=\"Teach on Mars\" \/>\n<meta property=\"article:publisher\" content=\"https:\/\/www.facebook.com\/teachonmars.fr\/\" \/>\n<meta property=\"article:published_time\" content=\"2017-07-21T15:59:45+00:00\" \/>\n<meta property=\"article:modified_time\" content=\"2022-05-27T14:58:38+00:00\" \/>\n<meta property=\"og:image\" content=\"https:\/\/www.teachonmars.com\/wp-content\/uploads\/2017\/07\/universite-ete-mobile-leraning-2017-cover-700x336.png\" \/>\n\t<meta property=\"og:image:width\" content=\"700\" \/>\n\t<meta property=\"og:image:height\" content=\"336\" \/>\n\t<meta property=\"og:image:type\" content=\"image\/png\" \/>\n<meta name=\"author\" content=\"Marielle Baudet\" \/>\n<meta name=\"twitter:card\" content=\"summary_large_image\" \/>\n<meta name=\"twitter:creator\" content=\"@TeachonMarsfr\" \/>\n<meta name=\"twitter:site\" content=\"@TeachonMarsfr\" \/>\n<meta name=\"twitter:label1\" content=\"\u00c9crit par\" \/>\n\t<meta name=\"twitter:data1\" content=\"Marielle Baudet\" \/>\n\t<meta name=\"twitter:label2\" content=\"Dur\u00e9e de lecture estim\u00e9e\" \/>\n\t<meta name=\"twitter:data2\" content=\"5 minutes\" \/>\n<script type=\"application\/ld+json\" class=\"yoast-schema-graph\">{\"@context\":\"https:\\\/\\\/schema.org\",\"@graph\":[{\"@type\":\"Article\",\"@id\":\"https:\\\/\\\/www.teachonmars.com\\\/fr\\\/blog\\\/2017\\\/07\\\/succes-pour-luniversite-dete-du-mobile-learning\\\/#article\",\"isPartOf\":{\"@id\":\"https:\\\/\\\/www.teachonmars.com\\\/fr\\\/blog\\\/2017\\\/07\\\/succes-pour-luniversite-dete-du-mobile-learning\\\/\"},\"author\":{\"name\":\"Marielle Baudet\",\"@id\":\"https:\\\/\\\/www.teachonmars.com\\\/fr\\\/#\\\/schema\\\/person\\\/46c151d04d27f96c3d6ff4e2c9c6b888\"},\"headline\":\"Succ\u00e8s pour la 1\u00e8re \u00e9dition de l&rsquo;Universit\u00e9 d&rsquo;\u00c9t\u00e9 du Mobile Learning !\",\"datePublished\":\"2017-07-21T15:59:45+00:00\",\"dateModified\":\"2022-05-27T14:58:38+00:00\",\"mainEntityOfPage\":{\"@id\":\"https:\\\/\\\/www.teachonmars.com\\\/fr\\\/blog\\\/2017\\\/07\\\/succes-pour-luniversite-dete-du-mobile-learning\\\/\"},\"wordCount\":1017,\"commentCount\":0,\"publisher\":{\"@id\":\"https:\\\/\\\/www.teachonmars.com\\\/fr\\\/#organization\"},\"image\":{\"@id\":\"https:\\\/\\\/www.teachonmars.com\\\/fr\\\/blog\\\/2017\\\/07\\\/succes-pour-luniversite-dete-du-mobile-learning\\\/#primaryimage\"},\"thumbnailUrl\":\"https:\\\/\\\/www.teachonmars.com\\\/wp-content\\\/uploads\\\/2017\\\/07\\\/universite-ete-mobile-leraning-2017-cover-700x336.png\",\"articleSection\":[\"Actualit\u00e9 Teach on Mars\"],\"inLanguage\":\"fr-FR\",\"potentialAction\":[{\"@type\":\"CommentAction\",\"name\":\"Comment\",\"target\":[\"https:\\\/\\\/www.teachonmars.com\\\/fr\\\/blog\\\/2017\\\/07\\\/succes-pour-luniversite-dete-du-mobile-learning\\\/#respond\"]}]},{\"@type\":\"WebPage\",\"@id\":\"https:\\\/\\\/www.teachonmars.com\\\/fr\\\/blog\\\/2017\\\/07\\\/succes-pour-luniversite-dete-du-mobile-learning\\\/\",\"url\":\"https:\\\/\\\/www.teachonmars.com\\\/fr\\\/blog\\\/2017\\\/07\\\/succes-pour-luniversite-dete-du-mobile-learning\\\/\",\"name\":\"Succ\u00e8s pour la 1\u00e8re \u00e9dition de l'Universit\u00e9 d'\u00c9t\u00e9 du Mobile Learning !\",\"isPartOf\":{\"@id\":\"https:\\\/\\\/www.teachonmars.com\\\/fr\\\/#website\"},\"primaryImageOfPage\":{\"@id\":\"https:\\\/\\\/www.teachonmars.com\\\/fr\\\/blog\\\/2017\\\/07\\\/succes-pour-luniversite-dete-du-mobile-learning\\\/#primaryimage\"},\"image\":{\"@id\":\"https:\\\/\\\/www.teachonmars.com\\\/fr\\\/blog\\\/2017\\\/07\\\/succes-pour-luniversite-dete-du-mobile-learning\\\/#primaryimage\"},\"thumbnailUrl\":\"https:\\\/\\\/www.teachonmars.com\\\/wp-content\\\/uploads\\\/2017\\\/07\\\/universite-ete-mobile-leraning-2017-cover-700x336.png\",\"datePublished\":\"2017-07-21T15:59:45+00:00\",\"dateModified\":\"2022-05-27T14:58:38+00:00\",\"description\":\"Retour sur l'\u00e9dition 2017 de l'Universit\u00e9 d'\u00c9t\u00e9 du Mobile Learning, \u00e9v\u00e9nement organis\u00e9 par Teach on Mars : ateliers, conf\u00e9rences : 2 journ\u00e9es de partage et retours d'exp\u00e9rience. %\",\"breadcrumb\":{\"@id\":\"https:\\\/\\\/www.teachonmars.com\\\/fr\\\/blog\\\/2017\\\/07\\\/succes-pour-luniversite-dete-du-mobile-learning\\\/#breadcrumb\"},\"inLanguage\":\"fr-FR\",\"potentialAction\":[{\"@type\":\"ReadAction\",\"target\":[\"https:\\\/\\\/www.teachonmars.com\\\/fr\\\/blog\\\/2017\\\/07\\\/succes-pour-luniversite-dete-du-mobile-learning\\\/\"]}]},{\"@type\":\"ImageObject\",\"inLanguage\":\"fr-FR\",\"@id\":\"https:\\\/\\\/www.teachonmars.com\\\/fr\\\/blog\\\/2017\\\/07\\\/succes-pour-luniversite-dete-du-mobile-learning\\\/#primaryimage\",\"url\":\"https:\\\/\\\/www.teachonmars.com\\\/wp-content\\\/uploads\\\/2017\\\/07\\\/universite-ete-mobile-leraning-2017-cover-700x336.png\",\"contentUrl\":\"https:\\\/\\\/www.teachonmars.com\\\/wp-content\\\/uploads\\\/2017\\\/07\\\/universite-ete-mobile-leraning-2017-cover-700x336.png\",\"width\":700,\"height\":336},{\"@type\":\"BreadcrumbList\",\"@id\":\"https:\\\/\\\/www.teachonmars.com\\\/fr\\\/blog\\\/2017\\\/07\\\/succes-pour-luniversite-dete-du-mobile-learning\\\/#breadcrumb\",\"itemListElement\":[{\"@type\":\"ListItem\",\"position\":1,\"name\":\"Accueil\",\"item\":\"https:\\\/\\\/www.teachonmars.com\\\/fr\\\/\"},{\"@type\":\"ListItem\",\"position\":2,\"name\":\"Actualit\u00e9 Teach on Mars\",\"item\":\"https:\\\/\\\/www.teachonmars.com\\\/fr\\\/blog\\\/categorie\\\/actualite-teach-on-mars\\\/\"},{\"@type\":\"ListItem\",\"position\":3,\"name\":\"Succ\u00e8s pour la 1\u00e8re \u00e9dition de l&rsquo;Universit\u00e9 d&rsquo;\u00c9t\u00e9 du Mobile Learning !\"}]},{\"@type\":\"WebSite\",\"@id\":\"https:\\\/\\\/www.teachonmars.com\\\/fr\\\/#website\",\"url\":\"https:\\\/\\\/www.teachonmars.com\\\/fr\\\/\",\"name\":\"Teach on Mars\",\"description\":\"More Learning Moments. Better Future.\",\"publisher\":{\"@id\":\"https:\\\/\\\/www.teachonmars.com\\\/fr\\\/#organization\"},\"potentialAction\":[{\"@type\":\"SearchAction\",\"target\":{\"@type\":\"EntryPoint\",\"urlTemplate\":\"https:\\\/\\\/www.teachonmars.com\\\/fr\\\/?s={search_term_string}\"},\"query-input\":{\"@type\":\"PropertyValueSpecification\",\"valueRequired\":true,\"valueName\":\"search_term_string\"}}],\"inLanguage\":\"fr-FR\"},{\"@type\":\"Organization\",\"@id\":\"https:\\\/\\\/www.teachonmars.com\\\/fr\\\/#organization\",\"name\":\"Teach on Mars\",\"url\":\"https:\\\/\\\/www.teachonmars.com\\\/fr\\\/\",\"logo\":{\"@type\":\"ImageObject\",\"inLanguage\":\"fr-FR\",\"@id\":\"https:\\\/\\\/www.teachonmars.com\\\/fr\\\/#\\\/schema\\\/logo\\\/image\\\/\",\"url\":\"https:\\\/\\\/www.teachonmars.com\\\/wp-content\\\/uploads\\\/2024\\\/04\\\/logo-Teach-on-march-by-lumapps-1.png\",\"contentUrl\":\"https:\\\/\\\/www.teachonmars.com\\\/wp-content\\\/uploads\\\/2024\\\/04\\\/logo-Teach-on-march-by-lumapps-1.png\",\"width\":1052,\"height\":194,\"caption\":\"Teach on Mars\"},\"image\":{\"@id\":\"https:\\\/\\\/www.teachonmars.com\\\/fr\\\/#\\\/schema\\\/logo\\\/image\\\/\"},\"sameAs\":[\"https:\\\/\\\/www.facebook.com\\\/teachonmars.fr\\\/\",\"https:\\\/\\\/x.com\\\/TeachonMarsfr\",\"https:\\\/\\\/www.linkedin.com\\\/company\\\/teach-on-mars\\\/\"]},{\"@type\":\"Person\",\"@id\":\"https:\\\/\\\/www.teachonmars.com\\\/fr\\\/#\\\/schema\\\/person\\\/46c151d04d27f96c3d6ff4e2c9c6b888\",\"name\":\"Marielle Baudet\",\"image\":{\"@type\":\"ImageObject\",\"inLanguage\":\"fr-FR\",\"@id\":\"https:\\\/\\\/secure.gravatar.com\\\/avatar\\\/d7489a8ddf02346a65dc6706c6e58f0c58966d9ae3a4f93bc549f3630fed836e?s=96&d=mm&r=g\",\"url\":\"https:\\\/\\\/secure.gravatar.com\\\/avatar\\\/d7489a8ddf02346a65dc6706c6e58f0c58966d9ae3a4f93bc549f3630fed836e?s=96&d=mm&r=g\",\"contentUrl\":\"https:\\\/\\\/secure.gravatar.com\\\/avatar\\\/d7489a8ddf02346a65dc6706c6e58f0c58966d9ae3a4f93bc549f3630fed836e?s=96&d=mm&r=g\",\"caption\":\"Marielle Baudet\"},\"description\":\"Marielle has been travelling in the Teach on Mars rocket ship for 6 years. After having contributed her skills in pedagogical engineering and training facilitation to guide clients towards success, she is now Product Owner, in charge of designing the new features of the solution.\"}]}<\/script>\n<!-- \/ Yoast SEO Premium plugin. -->","yoast_head_json":{"title":"Succ\u00e8s pour la 1\u00e8re \u00e9dition de l'Universit\u00e9 d'\u00c9t\u00e9 du Mobile Learning !","description":"Retour sur l'\u00e9dition 2017 de l'Universit\u00e9 d'\u00c9t\u00e9 du Mobile Learning, \u00e9v\u00e9nement organis\u00e9 par Teach on Mars : ateliers, conf\u00e9rences : 2 journ\u00e9es de partage et retours d'exp\u00e9rience. %","robots":{"index":"noindex","follow":"follow"},"og_locale":"fr_FR","og_type":"article","og_title":"Succ\u00e8s pour la 1\u00e8re \u00e9dition de l'Universit\u00e9 d'\u00c9t\u00e9 du Mobile Learning !","og_description":"Retour sur l'\u00e9dition 2017 de l'Universit\u00e9 d'\u00c9t\u00e9 du Mobile Learning, \u00e9v\u00e9nement organis\u00e9 par Teach on Mars : ateliers, conf\u00e9rences : 2 journ\u00e9es de partage et retours d'exp\u00e9rience. %","og_url":"https:\/\/www.teachonmars.com\/fr\/blog\/2017\/07\/succes-pour-luniversite-dete-du-mobile-learning\/","og_site_name":"Teach on Mars","article_publisher":"https:\/\/www.facebook.com\/teachonmars.fr\/","article_published_time":"2017-07-21T15:59:45+00:00","article_modified_time":"2022-05-27T14:58:38+00:00","og_image":[{"width":700,"height":336,"url":"https:\/\/www.teachonmars.com\/wp-content\/uploads\/2017\/07\/universite-ete-mobile-leraning-2017-cover-700x336.png","type":"image\/png"}],"author":"Marielle Baudet","twitter_card":"summary_large_image","twitter_creator":"@TeachonMarsfr","twitter_site":"@TeachonMarsfr","twitter_misc":{"\u00c9crit par":"Marielle Baudet","Dur\u00e9e de lecture estim\u00e9e":"5 minutes"},"schema":{"@context":"https:\/\/schema.org","@graph":[{"@type":"Article","@id":"https:\/\/www.teachonmars.com\/fr\/blog\/2017\/07\/succes-pour-luniversite-dete-du-mobile-learning\/#article","isPartOf":{"@id":"https:\/\/www.teachonmars.com\/fr\/blog\/2017\/07\/succes-pour-luniversite-dete-du-mobile-learning\/"},"author":{"name":"Marielle Baudet","@id":"https:\/\/www.teachonmars.com\/fr\/#\/schema\/person\/46c151d04d27f96c3d6ff4e2c9c6b888"},"headline":"Succ\u00e8s pour la 1\u00e8re \u00e9dition de l&rsquo;Universit\u00e9 d&rsquo;\u00c9t\u00e9 du Mobile Learning !","datePublished":"2017-07-21T15:59:45+00:00","dateModified":"2022-05-27T14:58:38+00:00","mainEntityOfPage":{"@id":"https:\/\/www.teachonmars.com\/fr\/blog\/2017\/07\/succes-pour-luniversite-dete-du-mobile-learning\/"},"wordCount":1017,"commentCount":0,"publisher":{"@id":"https:\/\/www.teachonmars.com\/fr\/#organization"},"image":{"@id":"https:\/\/www.teachonmars.com\/fr\/blog\/2017\/07\/succes-pour-luniversite-dete-du-mobile-learning\/#primaryimage"},"thumbnailUrl":"https:\/\/www.teachonmars.com\/wp-content\/uploads\/2017\/07\/universite-ete-mobile-leraning-2017-cover-700x336.png","articleSection":["Actualit\u00e9 Teach on Mars"],"inLanguage":"fr-FR","potentialAction":[{"@type":"CommentAction","name":"Comment","target":["https:\/\/www.teachonmars.com\/fr\/blog\/2017\/07\/succes-pour-luniversite-dete-du-mobile-learning\/#respond"]}]},{"@type":"WebPage","@id":"https:\/\/www.teachonmars.com\/fr\/blog\/2017\/07\/succes-pour-luniversite-dete-du-mobile-learning\/","url":"https:\/\/www.teachonmars.com\/fr\/blog\/2017\/07\/succes-pour-luniversite-dete-du-mobile-learning\/","name":"Succ\u00e8s pour la 1\u00e8re \u00e9dition de l'Universit\u00e9 d'\u00c9t\u00e9 du Mobile Learning !","isPartOf":{"@id":"https:\/\/www.teachonmars.com\/fr\/#website"},"primaryImageOfPage":{"@id":"https:\/\/www.teachonmars.com\/fr\/blog\/2017\/07\/succes-pour-luniversite-dete-du-mobile-learning\/#primaryimage"},"image":{"@id":"https:\/\/www.teachonmars.com\/fr\/blog\/2017\/07\/succes-pour-luniversite-dete-du-mobile-learning\/#primaryimage"},"thumbnailUrl":"https:\/\/www.teachonmars.com\/wp-content\/uploads\/2017\/07\/universite-ete-mobile-leraning-2017-cover-700x336.png","datePublished":"2017-07-21T15:59:45+00:00","dateModified":"2022-05-27T14:58:38+00:00","description":"Retour sur l'\u00e9dition 2017 de l'Universit\u00e9 d'\u00c9t\u00e9 du Mobile Learning, \u00e9v\u00e9nement organis\u00e9 par Teach on Mars : ateliers, conf\u00e9rences : 2 journ\u00e9es de partage et retours d'exp\u00e9rience. %","breadcrumb":{"@id":"https:\/\/www.teachonmars.com\/fr\/blog\/2017\/07\/succes-pour-luniversite-dete-du-mobile-learning\/#breadcrumb"},"inLanguage":"fr-FR","potentialAction":[{"@type":"ReadAction","target":["https:\/\/www.teachonmars.com\/fr\/blog\/2017\/07\/succes-pour-luniversite-dete-du-mobile-learning\/"]}]},{"@type":"ImageObject","inLanguage":"fr-FR","@id":"https:\/\/www.teachonmars.com\/fr\/blog\/2017\/07\/succes-pour-luniversite-dete-du-mobile-learning\/#primaryimage","url":"https:\/\/www.teachonmars.com\/wp-content\/uploads\/2017\/07\/universite-ete-mobile-leraning-2017-cover-700x336.png","contentUrl":"https:\/\/www.teachonmars.com\/wp-content\/uploads\/2017\/07\/universite-ete-mobile-leraning-2017-cover-700x336.png","width":700,"height":336},{"@type":"BreadcrumbList","@id":"https:\/\/www.teachonmars.com\/fr\/blog\/2017\/07\/succes-pour-luniversite-dete-du-mobile-learning\/#breadcrumb","itemListElement":[{"@type":"ListItem","position":1,"name":"Accueil","item":"https:\/\/www.teachonmars.com\/fr\/"},{"@type":"ListItem","position":2,"name":"Actualit\u00e9 Teach on Mars","item":"https:\/\/www.teachonmars.com\/fr\/blog\/categorie\/actualite-teach-on-mars\/"},{"@type":"ListItem","position":3,"name":"Succ\u00e8s pour la 1\u00e8re \u00e9dition de l&rsquo;Universit\u00e9 d&rsquo;\u00c9t\u00e9 du Mobile Learning !"}]},{"@type":"WebSite","@id":"https:\/\/www.teachonmars.com\/fr\/#website","url":"https:\/\/www.teachonmars.com\/fr\/","name":"Teach on Mars","description":"More Learning Moments. Better Future.","publisher":{"@id":"https:\/\/www.teachonmars.com\/fr\/#organization"},"potentialAction":[{"@type":"SearchAction","target":{"@type":"EntryPoint","urlTemplate":"https:\/\/www.teachonmars.com\/fr\/?s={search_term_string}"},"query-input":{"@type":"PropertyValueSpecification","valueRequired":true,"valueName":"search_term_string"}}],"inLanguage":"fr-FR"},{"@type":"Organization","@id":"https:\/\/www.teachonmars.com\/fr\/#organization","name":"Teach on Mars","url":"https:\/\/www.teachonmars.com\/fr\/","logo":{"@type":"ImageObject","inLanguage":"fr-FR","@id":"https:\/\/www.teachonmars.com\/fr\/#\/schema\/logo\/image\/","url":"https:\/\/www.teachonmars.com\/wp-content\/uploads\/2024\/04\/logo-Teach-on-march-by-lumapps-1.png","contentUrl":"https:\/\/www.teachonmars.com\/wp-content\/uploads\/2024\/04\/logo-Teach-on-march-by-lumapps-1.png","width":1052,"height":194,"caption":"Teach on Mars"},"image":{"@id":"https:\/\/www.teachonmars.com\/fr\/#\/schema\/logo\/image\/"},"sameAs":["https:\/\/www.facebook.com\/teachonmars.fr\/","https:\/\/x.com\/TeachonMarsfr","https:\/\/www.linkedin.com\/company\/teach-on-mars\/"]},{"@type":"Person","@id":"https:\/\/www.teachonmars.com\/fr\/#\/schema\/person\/46c151d04d27f96c3d6ff4e2c9c6b888","name":"Marielle Baudet","image":{"@type":"ImageObject","inLanguage":"fr-FR","@id":"https:\/\/secure.gravatar.com\/avatar\/d7489a8ddf02346a65dc6706c6e58f0c58966d9ae3a4f93bc549f3630fed836e?s=96&d=mm&r=g","url":"https:\/\/secure.gravatar.com\/avatar\/d7489a8ddf02346a65dc6706c6e58f0c58966d9ae3a4f93bc549f3630fed836e?s=96&d=mm&r=g","contentUrl":"https:\/\/secure.gravatar.com\/avatar\/d7489a8ddf02346a65dc6706c6e58f0c58966d9ae3a4f93bc549f3630fed836e?s=96&d=mm&r=g","caption":"Marielle Baudet"},"description":"Marielle has been travelling in the Teach on Mars rocket ship for 6 years. After having contributed her skills in pedagogical engineering and training facilitation to guide clients towards success, she is now Product Owner, in charge of designing the new features of the solution."}]}},"_links":{"self":[{"href":"https:\/\/www.teachonmars.com\/fr\/wp-json\/wp\/v2\/posts\/3788","targetHints":{"allow":["GET"]}}],"collection":[{"href":"https:\/\/www.teachonmars.com\/fr\/wp-json\/wp\/v2\/posts"}],"about":[{"href":"https:\/\/www.teachonmars.com\/fr\/wp-json\/wp\/v2\/types\/post"}],"author":[{"embeddable":true,"href":"https:\/\/www.teachonmars.com\/fr\/wp-json\/wp\/v2\/users\/16"}],"replies":[{"embeddable":true,"href":"https:\/\/www.teachonmars.com\/fr\/wp-json\/wp\/v2\/comments?post=3788"}],"version-history":[{"count":0,"href":"https:\/\/www.teachonmars.com\/fr\/wp-json\/wp\/v2\/posts\/3788\/revisions"}],"wp:featuredmedia":[{"embeddable":true,"href":"https:\/\/www.teachonmars.com\/fr\/wp-json\/wp\/v2\/media\/11446"}],"wp:attachment":[{"href":"https:\/\/www.teachonmars.com\/fr\/wp-json\/wp\/v2\/media?parent=3788"}],"wp:term":[{"taxonomy":"category","embeddable":true,"href":"https:\/\/www.teachonmars.com\/fr\/wp-json\/wp\/v2\/categories?post=3788"},{"taxonomy":"post_tag","embeddable":true,"href":"https:\/\/www.teachonmars.com\/fr\/wp-json\/wp\/v2\/tags?post=3788"}],"curies":[{"name":"wp","href":"https:\/\/api.w.org\/{rel}","templated":true}]}}