{"id":11287,"date":"2017-05-23T10:05:48","date_gmt":"2017-05-23T08:05:48","guid":{"rendered":"https:\/\/www.teachonmars.com\/blog\/?p=3457"},"modified":"2022-05-27T16:55:44","modified_gmt":"2022-05-27T14:55:44","slug":"universite-dete-mobile-learning-4-5-juillet","status":"publish","type":"post","link":"https:\/\/www.teachonmars.com\/fr\/blog\/2017\/05\/universite-dete-mobile-learning-4-5-juillet\/","title":{"rendered":"Universit\u00e9 d&rsquo;\u00c9t\u00e9 du Mobile Learning les 4 &#038; 5 juillet"},"content":{"rendered":"<p>Teach on Mars vous accueille les mardi 4 et mercredi 5 Juillet 2017 pour l&rsquo;Universit\u00e9 d&rsquo;\u00c9t\u00e9 du Mobile Learning, un \u00e9v\u00e9nement d\u00e9di\u00e9 aux meilleures pratiques et aux innovations\u00a0du domaine.<\/p>\n<p>Embarquez \u00e0 bord de la fus\u00e9e Teach on Mars \u00e0 l&rsquo;occasion de la premi\u00e8re \u00e9dition de l&rsquo;Universit\u00e9 d&rsquo;\u00c9t\u00e9 du Mobile Learning. Avec une centaine d&rsquo;applications d\u00e9ploy\u00e9es dans plus de 30 pays, et plus de 300 000 utilisateurs, Teach on Mars\u00a0s\u00e9duit le march\u00e9 depuis\u00a0ses 4 ann\u00e9es d&rsquo;existence. Nous vous proposons pour la premi\u00e8re fois une escale dans notre voyage intergalactique.<\/p>\n<h3><a href=\"https:\/\/www.teachonmars.com\/blog\/wp-content\/uploads\/2017\/05\/universite-ete-mobile-learning-teach-on-mars-2017.png\"><img loading=\"lazy\" decoding=\"async\" class=\"alignnone wp-image-5598 size-main-slider\" src=\"https:\/\/www.teachonmars.com\/blog\/wp-content\/uploads\/2017\/05\/universite-ete-mobile-learning-teach-on-mars-2017-700x336.png\" alt=\"Universit\u00e9 d'ete mobile learning Teach on Mars 2017\" width=\"700\" height=\"336\" \/><\/a><\/h3>\n<h2><strong>Deux jours pour d\u00e9velopper votre savoir-faire en Mobile Learning<\/strong><\/h2>\n<p>Teach on Mars accueillera une cinquantaine de participants\u00a0les mardi 4 et mercredi 5 Juillet 2017 autour d&rsquo;ateliers, de conf\u00e9rences, de tables rondes, de t\u00e9moignages clients (Vinci Energies, Clarins, la FNAC, l&rsquo;\u00c9cole du Vin de Bordeaux,&#8230;), pour vous permettre d&rsquo;am\u00e9liorer vos formations ou bien d&rsquo;optimiser votre strat\u00e9gie globale, r\u00e9sultats \u00e0 l&rsquo;appui.<\/p>\n<p>Retrouvez nos \u00e9quipes Academy\u00a0et R&amp;D, pour d\u00e9velopper des formations qui feront votre succ\u00e8s.\u00a0Comment int\u00e9grer le Mobile Learning dans votre strat\u00e9gie globale de formation ?\u00a0Comment le Mobile Learning permet de mesurer l\u2019impact de la formation sur le business ? D\u00e9couvrez-le lors de l&rsquo;Universit\u00e9 d&rsquo;\u00c9t\u00e9 du Mobile Learning.<\/p>\n<h2>Pause piscine, yoga matinal et soir\u00e9e sur la M\u00e9diterran\u00e9e<\/h2>\n<p>L&rsquo;\u00e9v\u00e9nement aura lieu \u00e0 l&rsquo;h\u00f4tel<a href=\"http:\/\/www.hotel-resort-frenchriviera.com\/\">\u00a0Beachcomber French Riviera<\/a>\u00a0\u00e0 Sophia-Antipolis, o\u00f9 s\u00e9journeront les participants. Au-del\u00e0 des pauses networking autour de la piscine, l&rsquo;\u00e9v\u00e9nement inclut une soir\u00e9e au bord de la mer, ou encore une s\u00e9ance matinale de yoga (facultative). La participation \u00e0 l&rsquo;Universit\u00e9 d&rsquo;\u00c9t\u00e9, incluant les frais d&rsquo;h\u00e9bergement et de restauration, est de\u00a0490,00\u20ac HT par personne. Les places sont limit\u00e9es et l&rsquo;inscription r\u00e9serv\u00e9e aux responsables de programme de formation en entreprise. Pour tout savoir, rendez-vous sur le <a href=\"https:\/\/summer-university.teachonmars.com\/fr\/2017-2\/\" target=\"_blank\" rel=\"noopener noreferrer\">site de l&rsquo;universit\u00e9 d&rsquo;\u00e9t\u00e9<\/a>, ou \u00e9crivez-nous \u00e0\u00a0<a href=\"mailto:event@teachonmars.com\">event@teachonmars.com<\/a>.<\/p>\n<p style=\"text-align: center;\"><a href='#' class='small-button smalldefault'>Visiter le site de l&rsquo;universit\u00e9 d&rsquo;\u00e9t\u00e9<\/a><\/p>\n<p>&nbsp;<\/p>\n<p>&nbsp;<\/p>\n","protected":false},"excerpt":{"rendered":"<p>Teach on Mars vous accueille les mardi 4 et mercredi 5 Juillet 2017 pour l&rsquo;Universit\u00e9 d&rsquo;\u00c9t\u00e9 du Mobile Learning, un \u00e9v\u00e9nement d\u00e9di\u00e9 aux meilleures pratiques et aux innovations\u00a0du domaine. Embarquez \u00e0 bord de la fus\u00e9e Teach on Mars \u00e0 l&rsquo;occasion de la premi\u00e8re \u00e9dition de l&rsquo;Universit\u00e9 d&rsquo;\u00c9t\u00e9 du Mobile Learning. Avec une centaine d&rsquo;applications d\u00e9ploy\u00e9es [&hellip;]<\/p>\n","protected":false},"author":16,"featured_media":11458,"comment_status":"open","ping_status":"open","sticky":false,"template":"","format":"standard","meta":{"_et_pb_use_builder":"","_et_pb_old_content":"","_et_gb_content_width":"","footnotes":""},"categories":[54],"tags":[],"class_list":["post-11287","post","type-post","status-publish","format-standard","has-post-thumbnail","hentry","category-actualite-teach-on-mars"],"yoast_head":"<!-- This site is optimized with the Yoast SEO Premium plugin v22.6 (Yoast SEO v27.5) - https:\/\/yoast.com\/product\/yoast-seo-premium-wordpress\/ -->\n<title>Universit\u00e9 d&#039;\u00c9t\u00e9 du Mobile Learning les 4 &amp; 5 juillet - Teach on Mars<\/title>\n<meta name=\"description\" content=\"Ateliers, conf\u00e9rences, tables rondes et t\u00e9moignages clients pour vous permettre d\u2019am\u00e9liorer vos formations ou bien d\u2019optimiser votre strat\u00e9gie globale, r\u00e9sultats \u00e0 l\u2019appui.\" \/>\n<meta name=\"robots\" content=\"noindex, follow\" \/>\n<meta property=\"og:locale\" content=\"fr_FR\" \/>\n<meta property=\"og:type\" content=\"article\" \/>\n<meta property=\"og:title\" content=\"Universit\u00e9 d&#039;\u00c9t\u00e9 du Mobile Learning les 4 &amp; 5 juillet\" \/>\n<meta property=\"og:description\" content=\"Ateliers, conf\u00e9rences, tables rondes et t\u00e9moignages clients pour vous permettre d\u2019am\u00e9liorer vos formations ou bien d\u2019optimiser votre strat\u00e9gie globale, r\u00e9sultats \u00e0 l\u2019appui.\" \/>\n<meta property=\"og:url\" content=\"https:\/\/www.teachonmars.com\/fr\/blog\/2017\/05\/universite-dete-mobile-learning-4-5-juillet\/\" \/>\n<meta property=\"og:site_name\" content=\"Teach on Mars\" \/>\n<meta property=\"article:publisher\" content=\"https:\/\/www.facebook.com\/teachonmars.fr\/\" \/>\n<meta property=\"article:published_time\" content=\"2017-05-23T08:05:48+00:00\" \/>\n<meta property=\"article:modified_time\" content=\"2022-05-27T14:55:44+00:00\" \/>\n<meta property=\"og:image\" content=\"https:\/\/www.teachonmars.com\/wp-content\/uploads\/2017\/05\/tom-plage-700x336.jpg\" \/>\n\t<meta property=\"og:image:width\" content=\"700\" \/>\n\t<meta property=\"og:image:height\" content=\"336\" \/>\n\t<meta property=\"og:image:type\" content=\"image\/jpeg\" \/>\n<meta name=\"author\" content=\"Marielle Baudet\" \/>\n<meta name=\"twitter:card\" content=\"summary_large_image\" \/>\n<meta name=\"twitter:creator\" content=\"@TeachonMarsfr\" \/>\n<meta name=\"twitter:site\" content=\"@TeachonMarsfr\" \/>\n<meta name=\"twitter:label1\" content=\"\u00c9crit par\" \/>\n\t<meta name=\"twitter:data1\" content=\"Marielle Baudet\" \/>\n\t<meta name=\"twitter:label2\" content=\"Dur\u00e9e de lecture estim\u00e9e\" \/>\n\t<meta name=\"twitter:data2\" content=\"2 minutes\" \/>\n<script type=\"application\/ld+json\" class=\"yoast-schema-graph\">{\"@context\":\"https:\\\/\\\/schema.org\",\"@graph\":[{\"@type\":\"Article\",\"@id\":\"https:\\\/\\\/www.teachonmars.com\\\/fr\\\/blog\\\/2017\\\/05\\\/universite-dete-mobile-learning-4-5-juillet\\\/#article\",\"isPartOf\":{\"@id\":\"https:\\\/\\\/www.teachonmars.com\\\/fr\\\/blog\\\/2017\\\/05\\\/universite-dete-mobile-learning-4-5-juillet\\\/\"},\"author\":{\"name\":\"Marielle Baudet\",\"@id\":\"https:\\\/\\\/www.teachonmars.com\\\/fr\\\/#\\\/schema\\\/person\\\/46c151d04d27f96c3d6ff4e2c9c6b888\"},\"headline\":\"Universit\u00e9 d&rsquo;\u00c9t\u00e9 du Mobile Learning les 4 &#038; 5 juillet\",\"datePublished\":\"2017-05-23T08:05:48+00:00\",\"dateModified\":\"2022-05-27T14:55:44+00:00\",\"mainEntityOfPage\":{\"@id\":\"https:\\\/\\\/www.teachonmars.com\\\/fr\\\/blog\\\/2017\\\/05\\\/universite-dete-mobile-learning-4-5-juillet\\\/\"},\"wordCount\":351,\"commentCount\":0,\"publisher\":{\"@id\":\"https:\\\/\\\/www.teachonmars.com\\\/fr\\\/#organization\"},\"image\":{\"@id\":\"https:\\\/\\\/www.teachonmars.com\\\/fr\\\/blog\\\/2017\\\/05\\\/universite-dete-mobile-learning-4-5-juillet\\\/#primaryimage\"},\"thumbnailUrl\":\"https:\\\/\\\/www.teachonmars.com\\\/wp-content\\\/uploads\\\/2017\\\/05\\\/tom-plage-700x336.jpg\",\"articleSection\":[\"Actualit\u00e9 Teach on Mars\"],\"inLanguage\":\"fr-FR\",\"potentialAction\":[{\"@type\":\"CommentAction\",\"name\":\"Comment\",\"target\":[\"https:\\\/\\\/www.teachonmars.com\\\/fr\\\/blog\\\/2017\\\/05\\\/universite-dete-mobile-learning-4-5-juillet\\\/#respond\"]}]},{\"@type\":\"WebPage\",\"@id\":\"https:\\\/\\\/www.teachonmars.com\\\/fr\\\/blog\\\/2017\\\/05\\\/universite-dete-mobile-learning-4-5-juillet\\\/\",\"url\":\"https:\\\/\\\/www.teachonmars.com\\\/fr\\\/blog\\\/2017\\\/05\\\/universite-dete-mobile-learning-4-5-juillet\\\/\",\"name\":\"Universit\u00e9 d'\u00c9t\u00e9 du Mobile Learning les 4 & 5 juillet - Teach on Mars\",\"isPartOf\":{\"@id\":\"https:\\\/\\\/www.teachonmars.com\\\/fr\\\/#website\"},\"primaryImageOfPage\":{\"@id\":\"https:\\\/\\\/www.teachonmars.com\\\/fr\\\/blog\\\/2017\\\/05\\\/universite-dete-mobile-learning-4-5-juillet\\\/#primaryimage\"},\"image\":{\"@id\":\"https:\\\/\\\/www.teachonmars.com\\\/fr\\\/blog\\\/2017\\\/05\\\/universite-dete-mobile-learning-4-5-juillet\\\/#primaryimage\"},\"thumbnailUrl\":\"https:\\\/\\\/www.teachonmars.com\\\/wp-content\\\/uploads\\\/2017\\\/05\\\/tom-plage-700x336.jpg\",\"datePublished\":\"2017-05-23T08:05:48+00:00\",\"dateModified\":\"2022-05-27T14:55:44+00:00\",\"description\":\"Ateliers, conf\u00e9rences, tables rondes et t\u00e9moignages clients pour vous permettre d\u2019am\u00e9liorer vos formations ou bien d\u2019optimiser votre strat\u00e9gie globale, r\u00e9sultats \u00e0 l\u2019appui.\",\"breadcrumb\":{\"@id\":\"https:\\\/\\\/www.teachonmars.com\\\/fr\\\/blog\\\/2017\\\/05\\\/universite-dete-mobile-learning-4-5-juillet\\\/#breadcrumb\"},\"inLanguage\":\"fr-FR\",\"potentialAction\":[{\"@type\":\"ReadAction\",\"target\":[\"https:\\\/\\\/www.teachonmars.com\\\/fr\\\/blog\\\/2017\\\/05\\\/universite-dete-mobile-learning-4-5-juillet\\\/\"]}]},{\"@type\":\"ImageObject\",\"inLanguage\":\"fr-FR\",\"@id\":\"https:\\\/\\\/www.teachonmars.com\\\/fr\\\/blog\\\/2017\\\/05\\\/universite-dete-mobile-learning-4-5-juillet\\\/#primaryimage\",\"url\":\"https:\\\/\\\/www.teachonmars.com\\\/wp-content\\\/uploads\\\/2017\\\/05\\\/tom-plage-700x336.jpg\",\"contentUrl\":\"https:\\\/\\\/www.teachonmars.com\\\/wp-content\\\/uploads\\\/2017\\\/05\\\/tom-plage-700x336.jpg\",\"width\":700,\"height\":336},{\"@type\":\"BreadcrumbList\",\"@id\":\"https:\\\/\\\/www.teachonmars.com\\\/fr\\\/blog\\\/2017\\\/05\\\/universite-dete-mobile-learning-4-5-juillet\\\/#breadcrumb\",\"itemListElement\":[{\"@type\":\"ListItem\",\"position\":1,\"name\":\"Accueil\",\"item\":\"https:\\\/\\\/www.teachonmars.com\\\/fr\\\/\"},{\"@type\":\"ListItem\",\"position\":2,\"name\":\"Actualit\u00e9 Teach on Mars\",\"item\":\"https:\\\/\\\/www.teachonmars.com\\\/fr\\\/blog\\\/categorie\\\/actualite-teach-on-mars\\\/\"},{\"@type\":\"ListItem\",\"position\":3,\"name\":\"Universit\u00e9 d&rsquo;\u00c9t\u00e9 du Mobile Learning les 4 &#038; 5 juillet\"}]},{\"@type\":\"WebSite\",\"@id\":\"https:\\\/\\\/www.teachonmars.com\\\/fr\\\/#website\",\"url\":\"https:\\\/\\\/www.teachonmars.com\\\/fr\\\/\",\"name\":\"Teach on Mars\",\"description\":\"More Learning Moments. Better Future.\",\"publisher\":{\"@id\":\"https:\\\/\\\/www.teachonmars.com\\\/fr\\\/#organization\"},\"potentialAction\":[{\"@type\":\"SearchAction\",\"target\":{\"@type\":\"EntryPoint\",\"urlTemplate\":\"https:\\\/\\\/www.teachonmars.com\\\/fr\\\/?s={search_term_string}\"},\"query-input\":{\"@type\":\"PropertyValueSpecification\",\"valueRequired\":true,\"valueName\":\"search_term_string\"}}],\"inLanguage\":\"fr-FR\"},{\"@type\":\"Organization\",\"@id\":\"https:\\\/\\\/www.teachonmars.com\\\/fr\\\/#organization\",\"name\":\"Teach on Mars\",\"url\":\"https:\\\/\\\/www.teachonmars.com\\\/fr\\\/\",\"logo\":{\"@type\":\"ImageObject\",\"inLanguage\":\"fr-FR\",\"@id\":\"https:\\\/\\\/www.teachonmars.com\\\/fr\\\/#\\\/schema\\\/logo\\\/image\\\/\",\"url\":\"https:\\\/\\\/www.teachonmars.com\\\/wp-content\\\/uploads\\\/2024\\\/04\\\/logo-Teach-on-march-by-lumapps-1.png\",\"contentUrl\":\"https:\\\/\\\/www.teachonmars.com\\\/wp-content\\\/uploads\\\/2024\\\/04\\\/logo-Teach-on-march-by-lumapps-1.png\",\"width\":1052,\"height\":194,\"caption\":\"Teach on Mars\"},\"image\":{\"@id\":\"https:\\\/\\\/www.teachonmars.com\\\/fr\\\/#\\\/schema\\\/logo\\\/image\\\/\"},\"sameAs\":[\"https:\\\/\\\/www.facebook.com\\\/teachonmars.fr\\\/\",\"https:\\\/\\\/x.com\\\/TeachonMarsfr\",\"https:\\\/\\\/www.linkedin.com\\\/company\\\/teach-on-mars\\\/\"]},{\"@type\":\"Person\",\"@id\":\"https:\\\/\\\/www.teachonmars.com\\\/fr\\\/#\\\/schema\\\/person\\\/46c151d04d27f96c3d6ff4e2c9c6b888\",\"name\":\"Marielle Baudet\",\"image\":{\"@type\":\"ImageObject\",\"inLanguage\":\"fr-FR\",\"@id\":\"https:\\\/\\\/secure.gravatar.com\\\/avatar\\\/d7489a8ddf02346a65dc6706c6e58f0c58966d9ae3a4f93bc549f3630fed836e?s=96&d=mm&r=g\",\"url\":\"https:\\\/\\\/secure.gravatar.com\\\/avatar\\\/d7489a8ddf02346a65dc6706c6e58f0c58966d9ae3a4f93bc549f3630fed836e?s=96&d=mm&r=g\",\"contentUrl\":\"https:\\\/\\\/secure.gravatar.com\\\/avatar\\\/d7489a8ddf02346a65dc6706c6e58f0c58966d9ae3a4f93bc549f3630fed836e?s=96&d=mm&r=g\",\"caption\":\"Marielle Baudet\"},\"description\":\"Marielle has been travelling in the Teach on Mars rocket ship for 6 years. After having contributed her skills in pedagogical engineering and training facilitation to guide clients towards success, she is now Product Owner, in charge of designing the new features of the solution.\"}]}<\/script>\n<!-- \/ Yoast SEO Premium plugin. -->","yoast_head_json":{"title":"Universit\u00e9 d'\u00c9t\u00e9 du Mobile Learning les 4 & 5 juillet - Teach on Mars","description":"Ateliers, conf\u00e9rences, tables rondes et t\u00e9moignages clients pour vous permettre d\u2019am\u00e9liorer vos formations ou bien d\u2019optimiser votre strat\u00e9gie globale, r\u00e9sultats \u00e0 l\u2019appui.","robots":{"index":"noindex","follow":"follow"},"og_locale":"fr_FR","og_type":"article","og_title":"Universit\u00e9 d'\u00c9t\u00e9 du Mobile Learning les 4 & 5 juillet","og_description":"Ateliers, conf\u00e9rences, tables rondes et t\u00e9moignages clients pour vous permettre d\u2019am\u00e9liorer vos formations ou bien d\u2019optimiser votre strat\u00e9gie globale, r\u00e9sultats \u00e0 l\u2019appui.","og_url":"https:\/\/www.teachonmars.com\/fr\/blog\/2017\/05\/universite-dete-mobile-learning-4-5-juillet\/","og_site_name":"Teach on Mars","article_publisher":"https:\/\/www.facebook.com\/teachonmars.fr\/","article_published_time":"2017-05-23T08:05:48+00:00","article_modified_time":"2022-05-27T14:55:44+00:00","og_image":[{"width":700,"height":336,"url":"https:\/\/www.teachonmars.com\/wp-content\/uploads\/2017\/05\/tom-plage-700x336.jpg","type":"image\/jpeg"}],"author":"Marielle Baudet","twitter_card":"summary_large_image","twitter_creator":"@TeachonMarsfr","twitter_site":"@TeachonMarsfr","twitter_misc":{"\u00c9crit par":"Marielle Baudet","Dur\u00e9e de lecture estim\u00e9e":"2 minutes"},"schema":{"@context":"https:\/\/schema.org","@graph":[{"@type":"Article","@id":"https:\/\/www.teachonmars.com\/fr\/blog\/2017\/05\/universite-dete-mobile-learning-4-5-juillet\/#article","isPartOf":{"@id":"https:\/\/www.teachonmars.com\/fr\/blog\/2017\/05\/universite-dete-mobile-learning-4-5-juillet\/"},"author":{"name":"Marielle Baudet","@id":"https:\/\/www.teachonmars.com\/fr\/#\/schema\/person\/46c151d04d27f96c3d6ff4e2c9c6b888"},"headline":"Universit\u00e9 d&rsquo;\u00c9t\u00e9 du Mobile Learning les 4 &#038; 5 juillet","datePublished":"2017-05-23T08:05:48+00:00","dateModified":"2022-05-27T14:55:44+00:00","mainEntityOfPage":{"@id":"https:\/\/www.teachonmars.com\/fr\/blog\/2017\/05\/universite-dete-mobile-learning-4-5-juillet\/"},"wordCount":351,"commentCount":0,"publisher":{"@id":"https:\/\/www.teachonmars.com\/fr\/#organization"},"image":{"@id":"https:\/\/www.teachonmars.com\/fr\/blog\/2017\/05\/universite-dete-mobile-learning-4-5-juillet\/#primaryimage"},"thumbnailUrl":"https:\/\/www.teachonmars.com\/wp-content\/uploads\/2017\/05\/tom-plage-700x336.jpg","articleSection":["Actualit\u00e9 Teach on Mars"],"inLanguage":"fr-FR","potentialAction":[{"@type":"CommentAction","name":"Comment","target":["https:\/\/www.teachonmars.com\/fr\/blog\/2017\/05\/universite-dete-mobile-learning-4-5-juillet\/#respond"]}]},{"@type":"WebPage","@id":"https:\/\/www.teachonmars.com\/fr\/blog\/2017\/05\/universite-dete-mobile-learning-4-5-juillet\/","url":"https:\/\/www.teachonmars.com\/fr\/blog\/2017\/05\/universite-dete-mobile-learning-4-5-juillet\/","name":"Universit\u00e9 d'\u00c9t\u00e9 du Mobile Learning les 4 & 5 juillet - Teach on Mars","isPartOf":{"@id":"https:\/\/www.teachonmars.com\/fr\/#website"},"primaryImageOfPage":{"@id":"https:\/\/www.teachonmars.com\/fr\/blog\/2017\/05\/universite-dete-mobile-learning-4-5-juillet\/#primaryimage"},"image":{"@id":"https:\/\/www.teachonmars.com\/fr\/blog\/2017\/05\/universite-dete-mobile-learning-4-5-juillet\/#primaryimage"},"thumbnailUrl":"https:\/\/www.teachonmars.com\/wp-content\/uploads\/2017\/05\/tom-plage-700x336.jpg","datePublished":"2017-05-23T08:05:48+00:00","dateModified":"2022-05-27T14:55:44+00:00","description":"Ateliers, conf\u00e9rences, tables rondes et t\u00e9moignages clients pour vous permettre d\u2019am\u00e9liorer vos formations ou bien d\u2019optimiser votre strat\u00e9gie globale, r\u00e9sultats \u00e0 l\u2019appui.","breadcrumb":{"@id":"https:\/\/www.teachonmars.com\/fr\/blog\/2017\/05\/universite-dete-mobile-learning-4-5-juillet\/#breadcrumb"},"inLanguage":"fr-FR","potentialAction":[{"@type":"ReadAction","target":["https:\/\/www.teachonmars.com\/fr\/blog\/2017\/05\/universite-dete-mobile-learning-4-5-juillet\/"]}]},{"@type":"ImageObject","inLanguage":"fr-FR","@id":"https:\/\/www.teachonmars.com\/fr\/blog\/2017\/05\/universite-dete-mobile-learning-4-5-juillet\/#primaryimage","url":"https:\/\/www.teachonmars.com\/wp-content\/uploads\/2017\/05\/tom-plage-700x336.jpg","contentUrl":"https:\/\/www.teachonmars.com\/wp-content\/uploads\/2017\/05\/tom-plage-700x336.jpg","width":700,"height":336},{"@type":"BreadcrumbList","@id":"https:\/\/www.teachonmars.com\/fr\/blog\/2017\/05\/universite-dete-mobile-learning-4-5-juillet\/#breadcrumb","itemListElement":[{"@type":"ListItem","position":1,"name":"Accueil","item":"https:\/\/www.teachonmars.com\/fr\/"},{"@type":"ListItem","position":2,"name":"Actualit\u00e9 Teach on Mars","item":"https:\/\/www.teachonmars.com\/fr\/blog\/categorie\/actualite-teach-on-mars\/"},{"@type":"ListItem","position":3,"name":"Universit\u00e9 d&rsquo;\u00c9t\u00e9 du Mobile Learning les 4 &#038; 5 juillet"}]},{"@type":"WebSite","@id":"https:\/\/www.teachonmars.com\/fr\/#website","url":"https:\/\/www.teachonmars.com\/fr\/","name":"Teach on Mars","description":"More Learning Moments. Better Future.","publisher":{"@id":"https:\/\/www.teachonmars.com\/fr\/#organization"},"potentialAction":[{"@type":"SearchAction","target":{"@type":"EntryPoint","urlTemplate":"https:\/\/www.teachonmars.com\/fr\/?s={search_term_string}"},"query-input":{"@type":"PropertyValueSpecification","valueRequired":true,"valueName":"search_term_string"}}],"inLanguage":"fr-FR"},{"@type":"Organization","@id":"https:\/\/www.teachonmars.com\/fr\/#organization","name":"Teach on Mars","url":"https:\/\/www.teachonmars.com\/fr\/","logo":{"@type":"ImageObject","inLanguage":"fr-FR","@id":"https:\/\/www.teachonmars.com\/fr\/#\/schema\/logo\/image\/","url":"https:\/\/www.teachonmars.com\/wp-content\/uploads\/2024\/04\/logo-Teach-on-march-by-lumapps-1.png","contentUrl":"https:\/\/www.teachonmars.com\/wp-content\/uploads\/2024\/04\/logo-Teach-on-march-by-lumapps-1.png","width":1052,"height":194,"caption":"Teach on Mars"},"image":{"@id":"https:\/\/www.teachonmars.com\/fr\/#\/schema\/logo\/image\/"},"sameAs":["https:\/\/www.facebook.com\/teachonmars.fr\/","https:\/\/x.com\/TeachonMarsfr","https:\/\/www.linkedin.com\/company\/teach-on-mars\/"]},{"@type":"Person","@id":"https:\/\/www.teachonmars.com\/fr\/#\/schema\/person\/46c151d04d27f96c3d6ff4e2c9c6b888","name":"Marielle Baudet","image":{"@type":"ImageObject","inLanguage":"fr-FR","@id":"https:\/\/secure.gravatar.com\/avatar\/d7489a8ddf02346a65dc6706c6e58f0c58966d9ae3a4f93bc549f3630fed836e?s=96&d=mm&r=g","url":"https:\/\/secure.gravatar.com\/avatar\/d7489a8ddf02346a65dc6706c6e58f0c58966d9ae3a4f93bc549f3630fed836e?s=96&d=mm&r=g","contentUrl":"https:\/\/secure.gravatar.com\/avatar\/d7489a8ddf02346a65dc6706c6e58f0c58966d9ae3a4f93bc549f3630fed836e?s=96&d=mm&r=g","caption":"Marielle Baudet"},"description":"Marielle has been travelling in the Teach on Mars rocket ship for 6 years. After having contributed her skills in pedagogical engineering and training facilitation to guide clients towards success, she is now Product Owner, in charge of designing the new features of the solution."}]}},"_links":{"self":[{"href":"https:\/\/www.teachonmars.com\/fr\/wp-json\/wp\/v2\/posts\/11287","targetHints":{"allow":["GET"]}}],"collection":[{"href":"https:\/\/www.teachonmars.com\/fr\/wp-json\/wp\/v2\/posts"}],"about":[{"href":"https:\/\/www.teachonmars.com\/fr\/wp-json\/wp\/v2\/types\/post"}],"author":[{"embeddable":true,"href":"https:\/\/www.teachonmars.com\/fr\/wp-json\/wp\/v2\/users\/16"}],"replies":[{"embeddable":true,"href":"https:\/\/www.teachonmars.com\/fr\/wp-json\/wp\/v2\/comments?post=11287"}],"version-history":[{"count":0,"href":"https:\/\/www.teachonmars.com\/fr\/wp-json\/wp\/v2\/posts\/11287\/revisions"}],"wp:featuredmedia":[{"embeddable":true,"href":"https:\/\/www.teachonmars.com\/fr\/wp-json\/wp\/v2\/media\/11458"}],"wp:attachment":[{"href":"https:\/\/www.teachonmars.com\/fr\/wp-json\/wp\/v2\/media?parent=11287"}],"wp:term":[{"taxonomy":"category","embeddable":true,"href":"https:\/\/www.teachonmars.com\/fr\/wp-json\/wp\/v2\/categories?post=11287"},{"taxonomy":"post_tag","embeddable":true,"href":"https:\/\/www.teachonmars.com\/fr\/wp-json\/wp\/v2\/tags?post=11287"}],"curies":[{"name":"wp","href":"https:\/\/api.w.org\/{rel}","templated":true}]}}