{"id":11284,"date":"2017-04-27T10:29:52","date_gmt":"2017-04-27T08:29:52","guid":{"rendered":"https:\/\/www.teachonmars.com\/blog\/?p=3337"},"modified":"2022-05-27T16:52:49","modified_gmt":"2022-05-27T14:52:49","slug":"save-the-date-teach-on-mars-organise-premiere-universite-dete-mobile-learning","status":"publish","type":"post","link":"https:\/\/www.teachonmars.com\/fr\/blog\/2017\/04\/save-the-date-teach-on-mars-organise-premiere-universite-dete-mobile-learning\/","title":{"rendered":"[Save the date] Teach on Mars organise la 1\u00e8re Universit\u00e9 d&rsquo;\u00e9t\u00e9 du Mobile Learning"},"content":{"rendered":"<p>Le condens\u00e9 de 4 ann\u00e9es d\u2019exp\u00e9rience, en deux jours d\u2019ateliers : gagnez du temps sur la mise en place et la r\u00e9ussite de vos projets de Mobile Learning !<\/p>\n<p>Plus de 100 applications de formation d\u00e9ploy\u00e9es dans une trentaine de pays pour les plus grandes entreprises europ\u00e9ennes, des centaines de milliers d&rsquo;utilisateurs enthousiastes, une technologie \u00e0 la pointe de l&rsquo;innovation et une p\u00e9dagogie moderne : c&rsquo;est tout cet univers que nous vous proposons de d\u00e9couvrir lors de\u00a0<strong>notre\u00a0premi\u00e8re \u00e9dition de l\u2019Universit\u00e9 d\u2019Et\u00e9 du Mobile Learning<\/strong>.<\/p>\n<p>Pour la premi\u00e8re fois, utilisateurs, formateurs, concepteurs livreront leurs bonnes pratiques, leur vision, leurs succ\u00e8s (et leurs \u00e9checs :-)). Dans un cadre idyllique, sur les bords de la M\u00e9diterran\u00e9e, rejoignez-nous pour esquisser ensemble les contours d\u2019une r\u00e9volution dans la mani\u00e8re d\u2019apprendre.<\/p>\n<p><strong>Au programme :<\/strong><\/p>\n<ul>\n<li>Meet-up anim\u00e9s par nos experts pour d\u00e9couvrir les tendances et se projeter<\/li>\n<li>Tables rondes o\u00f9 viendront t\u00e9moigner nos clients<\/li>\n<li>Ateliers o\u00f9 rencontrer R&amp;D, game designer, UX designer pour certains venus express\u00e9ment de Mars !<\/li>\n<li>Moments d\u2019\u00e9change, de convivialit\u00e9s et bien s\u00fbr quelques surprises !<\/li>\n<\/ul>\n<hr \/>\n<p><strong>SAVE THE DATE<\/strong><br \/>\nUniversit\u00e9 d\u2019Et\u00e9 du Mobile Learning by Teach on Mars<br \/>\n4&amp;5 juillet 2017<br \/>\nNice &#8211; Sophia-Antipolis<\/p>\n<hr \/>\n<p>Nombre de place limit\u00e9 &#8211; Inscription r\u00e9serv\u00e9e aux responsables RH, formation, vente et marketing en entreprise<br \/>\nDemande de renseignements et inscriptions : <a href=\"mailto:event@teachonmars.com\">event@teachonmars.com<\/a><\/p>\n<hr \/>\n<p><strong>L&rsquo;Universit\u00e9 d&rsquo;\u00e9t\u00e9 du Mobile Learning<\/strong> est un \u00e9v\u00e9nement organis\u00e9 par Teach on Mars, dans le cadre des <strong>Rencontres du Mobile Learning<\/strong>.<br \/>\n<iframe loading=\"lazy\" src=\"https:\/\/www.youtube.com\/embed\/1S2Xz4ufNCE\" width=\"560\" height=\"315\" frameborder=\"0\" allowfullscreen=\"allowfullscreen\"><\/iframe><\/p>\n<p><em>Pour suivre les actualit\u00e9s de nos \u00e9v\u00e9nements, <a href=\"https:\/\/www.teachonmars.com\/blog\/teach-on-mars-happenings\/\">abonnez-vous \u00e0 notre newsletter<\/a> et suivez-nous sur nos r\u00e9seaux sociaux : <a href=\"https:\/\/www.facebook.com\/teachonmars.fr\/?ref=bookmarks\">Facebook<\/a>, <a href=\"https:\/\/twitter.com\/TeachonMarsfr\">Twitter<\/a> et <a href=\"https:\/\/www.linkedin.com\/company-beta\/3300206\/\">LinkedIn<\/a>.\u00a0<\/em><\/p>\n","protected":false},"excerpt":{"rendered":"<p>Le condens\u00e9 de 4 ann\u00e9es d\u2019exp\u00e9rience, en deux jours d\u2019ateliers : gagnez du temps sur la mise en place et la r\u00e9ussite de vos projets de Mobile Learning ! Plus de 100 applications de formation d\u00e9ploy\u00e9es dans une trentaine de pays pour les plus grandes entreprises europ\u00e9ennes, des centaines de milliers d&rsquo;utilisateurs enthousiastes, une technologie [&hellip;]<\/p>\n","protected":false},"author":16,"featured_media":11455,"comment_status":"open","ping_status":"open","sticky":false,"template":"","format":"standard","meta":{"_et_pb_use_builder":"","_et_pb_old_content":"","_et_gb_content_width":"","footnotes":""},"categories":[54],"tags":[],"class_list":["post-11284","post","type-post","status-publish","format-standard","has-post-thumbnail","hentry","category-actualite-teach-on-mars"],"yoast_head":"<!-- This site is optimized with the Yoast SEO Premium plugin v22.6 (Yoast SEO v27.5) - https:\/\/yoast.com\/product\/yoast-seo-premium-wordpress\/ -->\n<title>1\u00e8re Universit\u00e9 d&#039;\u00e9t\u00e9 du Mobile Learning organis\u00e9e par Teach on Mars<\/title>\n<meta name=\"description\" content=\"La 1\u00e8re Universit\u00e9 d&#039;\u00e9t\u00e9 du Mobile Learning organis\u00e9e par Teach on Mars se tient les 4 et 5 juillet \u00e0 Nice. Teach on Mars met \u00e0 profit ses 4 ann\u00e9es d&#039;exp\u00e9rience dans le Mobile Learning pour un \u00e9v\u00e9nement unique, r\u00e9unissant utilisateurs, formateurs et concepteurs.\" \/>\n<meta name=\"robots\" content=\"noindex, follow\" \/>\n<meta property=\"og:locale\" content=\"fr_FR\" \/>\n<meta property=\"og:type\" content=\"article\" \/>\n<meta property=\"og:title\" content=\"[Save the date] Teach on Mars organise la 1\u00e8re Universit\u00e9 d&#039;\u00e9t\u00e9 du Mobile Learning\" \/>\n<meta property=\"og:description\" content=\"La 1\u00e8re Universit\u00e9 d&#039;\u00e9t\u00e9 du Mobile Learning organis\u00e9e par Teach on Mars se tient les 4 et 5 juillet \u00e0 Nice. Teach on Mars met \u00e0 profit ses 4 ann\u00e9es d&#039;exp\u00e9rience dans le Mobile Learning pour un \u00e9v\u00e9nement unique, r\u00e9unissant utilisateurs, formateurs et concepteurs.\" \/>\n<meta property=\"og:url\" content=\"https:\/\/www.teachonmars.com\/fr\/blog\/2017\/04\/save-the-date-teach-on-mars-organise-premiere-universite-dete-mobile-learning\/\" \/>\n<meta property=\"og:site_name\" content=\"Teach on Mars\" \/>\n<meta property=\"article:publisher\" content=\"https:\/\/www.facebook.com\/teachonmars.fr\/\" \/>\n<meta property=\"article:published_time\" content=\"2017-04-27T08:29:52+00:00\" \/>\n<meta property=\"article:modified_time\" content=\"2022-05-27T14:52:49+00:00\" \/>\n<meta property=\"og:image\" content=\"https:\/\/www.teachonmars.com\/wp-content\/uploads\/2017\/04\/universite-ete-mobile-learning-save-the-date.jpg\" \/>\n\t<meta property=\"og:image:width\" content=\"702\" \/>\n\t<meta property=\"og:image:height\" content=\"328\" \/>\n\t<meta property=\"og:image:type\" content=\"image\/jpeg\" \/>\n<meta name=\"author\" content=\"Marielle Baudet\" \/>\n<meta name=\"twitter:card\" content=\"summary_large_image\" \/>\n<meta name=\"twitter:creator\" content=\"@TeachonMarsfr\" \/>\n<meta name=\"twitter:site\" content=\"@TeachonMarsfr\" \/>\n<meta name=\"twitter:label1\" content=\"\u00c9crit par\" \/>\n\t<meta name=\"twitter:data1\" content=\"Marielle Baudet\" \/>\n\t<meta name=\"twitter:label2\" content=\"Dur\u00e9e de lecture estim\u00e9e\" \/>\n\t<meta name=\"twitter:data2\" content=\"1 minute\" \/>\n<script type=\"application\/ld+json\" class=\"yoast-schema-graph\">{\"@context\":\"https:\\\/\\\/schema.org\",\"@graph\":[{\"@type\":\"Article\",\"@id\":\"https:\\\/\\\/www.teachonmars.com\\\/fr\\\/blog\\\/2017\\\/04\\\/save-the-date-teach-on-mars-organise-premiere-universite-dete-mobile-learning\\\/#article\",\"isPartOf\":{\"@id\":\"https:\\\/\\\/www.teachonmars.com\\\/fr\\\/blog\\\/2017\\\/04\\\/save-the-date-teach-on-mars-organise-premiere-universite-dete-mobile-learning\\\/\"},\"author\":{\"name\":\"Marielle Baudet\",\"@id\":\"https:\\\/\\\/www.teachonmars.com\\\/fr\\\/#\\\/schema\\\/person\\\/46c151d04d27f96c3d6ff4e2c9c6b888\"},\"headline\":\"[Save the date] Teach on Mars organise la 1\u00e8re Universit\u00e9 d&rsquo;\u00e9t\u00e9 du Mobile Learning\",\"datePublished\":\"2017-04-27T08:29:52+00:00\",\"dateModified\":\"2022-05-27T14:52:49+00:00\",\"mainEntityOfPage\":{\"@id\":\"https:\\\/\\\/www.teachonmars.com\\\/fr\\\/blog\\\/2017\\\/04\\\/save-the-date-teach-on-mars-organise-premiere-universite-dete-mobile-learning\\\/\"},\"wordCount\":300,\"commentCount\":0,\"publisher\":{\"@id\":\"https:\\\/\\\/www.teachonmars.com\\\/fr\\\/#organization\"},\"image\":{\"@id\":\"https:\\\/\\\/www.teachonmars.com\\\/fr\\\/blog\\\/2017\\\/04\\\/save-the-date-teach-on-mars-organise-premiere-universite-dete-mobile-learning\\\/#primaryimage\"},\"thumbnailUrl\":\"https:\\\/\\\/www.teachonmars.com\\\/wp-content\\\/uploads\\\/2017\\\/04\\\/universite-ete-mobile-learning-save-the-date.jpg\",\"articleSection\":[\"Actualit\u00e9 Teach on Mars\"],\"inLanguage\":\"fr-FR\",\"potentialAction\":[{\"@type\":\"CommentAction\",\"name\":\"Comment\",\"target\":[\"https:\\\/\\\/www.teachonmars.com\\\/fr\\\/blog\\\/2017\\\/04\\\/save-the-date-teach-on-mars-organise-premiere-universite-dete-mobile-learning\\\/#respond\"]}]},{\"@type\":\"WebPage\",\"@id\":\"https:\\\/\\\/www.teachonmars.com\\\/fr\\\/blog\\\/2017\\\/04\\\/save-the-date-teach-on-mars-organise-premiere-universite-dete-mobile-learning\\\/\",\"url\":\"https:\\\/\\\/www.teachonmars.com\\\/fr\\\/blog\\\/2017\\\/04\\\/save-the-date-teach-on-mars-organise-premiere-universite-dete-mobile-learning\\\/\",\"name\":\"1\u00e8re Universit\u00e9 d'\u00e9t\u00e9 du Mobile Learning organis\u00e9e par Teach on Mars\",\"isPartOf\":{\"@id\":\"https:\\\/\\\/www.teachonmars.com\\\/fr\\\/#website\"},\"primaryImageOfPage\":{\"@id\":\"https:\\\/\\\/www.teachonmars.com\\\/fr\\\/blog\\\/2017\\\/04\\\/save-the-date-teach-on-mars-organise-premiere-universite-dete-mobile-learning\\\/#primaryimage\"},\"image\":{\"@id\":\"https:\\\/\\\/www.teachonmars.com\\\/fr\\\/blog\\\/2017\\\/04\\\/save-the-date-teach-on-mars-organise-premiere-universite-dete-mobile-learning\\\/#primaryimage\"},\"thumbnailUrl\":\"https:\\\/\\\/www.teachonmars.com\\\/wp-content\\\/uploads\\\/2017\\\/04\\\/universite-ete-mobile-learning-save-the-date.jpg\",\"datePublished\":\"2017-04-27T08:29:52+00:00\",\"dateModified\":\"2022-05-27T14:52:49+00:00\",\"description\":\"La 1\u00e8re Universit\u00e9 d'\u00e9t\u00e9 du Mobile Learning organis\u00e9e par Teach on Mars se tient les 4 et 5 juillet \u00e0 Nice. Teach on Mars met \u00e0 profit ses 4 ann\u00e9es d'exp\u00e9rience dans le Mobile Learning pour un \u00e9v\u00e9nement unique, r\u00e9unissant utilisateurs, formateurs et concepteurs.\",\"breadcrumb\":{\"@id\":\"https:\\\/\\\/www.teachonmars.com\\\/fr\\\/blog\\\/2017\\\/04\\\/save-the-date-teach-on-mars-organise-premiere-universite-dete-mobile-learning\\\/#breadcrumb\"},\"inLanguage\":\"fr-FR\",\"potentialAction\":[{\"@type\":\"ReadAction\",\"target\":[\"https:\\\/\\\/www.teachonmars.com\\\/fr\\\/blog\\\/2017\\\/04\\\/save-the-date-teach-on-mars-organise-premiere-universite-dete-mobile-learning\\\/\"]}]},{\"@type\":\"ImageObject\",\"inLanguage\":\"fr-FR\",\"@id\":\"https:\\\/\\\/www.teachonmars.com\\\/fr\\\/blog\\\/2017\\\/04\\\/save-the-date-teach-on-mars-organise-premiere-universite-dete-mobile-learning\\\/#primaryimage\",\"url\":\"https:\\\/\\\/www.teachonmars.com\\\/wp-content\\\/uploads\\\/2017\\\/04\\\/universite-ete-mobile-learning-save-the-date.jpg\",\"contentUrl\":\"https:\\\/\\\/www.teachonmars.com\\\/wp-content\\\/uploads\\\/2017\\\/04\\\/universite-ete-mobile-learning-save-the-date.jpg\",\"width\":702,\"height\":328},{\"@type\":\"BreadcrumbList\",\"@id\":\"https:\\\/\\\/www.teachonmars.com\\\/fr\\\/blog\\\/2017\\\/04\\\/save-the-date-teach-on-mars-organise-premiere-universite-dete-mobile-learning\\\/#breadcrumb\",\"itemListElement\":[{\"@type\":\"ListItem\",\"position\":1,\"name\":\"Accueil\",\"item\":\"https:\\\/\\\/www.teachonmars.com\\\/fr\\\/\"},{\"@type\":\"ListItem\",\"position\":2,\"name\":\"Actualit\u00e9 Teach on Mars\",\"item\":\"https:\\\/\\\/www.teachonmars.com\\\/fr\\\/blog\\\/categorie\\\/actualite-teach-on-mars\\\/\"},{\"@type\":\"ListItem\",\"position\":3,\"name\":\"[Save the date] Teach on Mars organise la 1\u00e8re Universit\u00e9 d&rsquo;\u00e9t\u00e9 du Mobile Learning\"}]},{\"@type\":\"WebSite\",\"@id\":\"https:\\\/\\\/www.teachonmars.com\\\/fr\\\/#website\",\"url\":\"https:\\\/\\\/www.teachonmars.com\\\/fr\\\/\",\"name\":\"Teach on Mars\",\"description\":\"More Learning Moments. Better Future.\",\"publisher\":{\"@id\":\"https:\\\/\\\/www.teachonmars.com\\\/fr\\\/#organization\"},\"potentialAction\":[{\"@type\":\"SearchAction\",\"target\":{\"@type\":\"EntryPoint\",\"urlTemplate\":\"https:\\\/\\\/www.teachonmars.com\\\/fr\\\/?s={search_term_string}\"},\"query-input\":{\"@type\":\"PropertyValueSpecification\",\"valueRequired\":true,\"valueName\":\"search_term_string\"}}],\"inLanguage\":\"fr-FR\"},{\"@type\":\"Organization\",\"@id\":\"https:\\\/\\\/www.teachonmars.com\\\/fr\\\/#organization\",\"name\":\"Teach on Mars\",\"url\":\"https:\\\/\\\/www.teachonmars.com\\\/fr\\\/\",\"logo\":{\"@type\":\"ImageObject\",\"inLanguage\":\"fr-FR\",\"@id\":\"https:\\\/\\\/www.teachonmars.com\\\/fr\\\/#\\\/schema\\\/logo\\\/image\\\/\",\"url\":\"https:\\\/\\\/www.teachonmars.com\\\/wp-content\\\/uploads\\\/2024\\\/04\\\/logo-Teach-on-march-by-lumapps-1.png\",\"contentUrl\":\"https:\\\/\\\/www.teachonmars.com\\\/wp-content\\\/uploads\\\/2024\\\/04\\\/logo-Teach-on-march-by-lumapps-1.png\",\"width\":1052,\"height\":194,\"caption\":\"Teach on Mars\"},\"image\":{\"@id\":\"https:\\\/\\\/www.teachonmars.com\\\/fr\\\/#\\\/schema\\\/logo\\\/image\\\/\"},\"sameAs\":[\"https:\\\/\\\/www.facebook.com\\\/teachonmars.fr\\\/\",\"https:\\\/\\\/x.com\\\/TeachonMarsfr\",\"https:\\\/\\\/www.linkedin.com\\\/company\\\/teach-on-mars\\\/\"]},{\"@type\":\"Person\",\"@id\":\"https:\\\/\\\/www.teachonmars.com\\\/fr\\\/#\\\/schema\\\/person\\\/46c151d04d27f96c3d6ff4e2c9c6b888\",\"name\":\"Marielle Baudet\",\"image\":{\"@type\":\"ImageObject\",\"inLanguage\":\"fr-FR\",\"@id\":\"https:\\\/\\\/secure.gravatar.com\\\/avatar\\\/d7489a8ddf02346a65dc6706c6e58f0c58966d9ae3a4f93bc549f3630fed836e?s=96&d=mm&r=g\",\"url\":\"https:\\\/\\\/secure.gravatar.com\\\/avatar\\\/d7489a8ddf02346a65dc6706c6e58f0c58966d9ae3a4f93bc549f3630fed836e?s=96&d=mm&r=g\",\"contentUrl\":\"https:\\\/\\\/secure.gravatar.com\\\/avatar\\\/d7489a8ddf02346a65dc6706c6e58f0c58966d9ae3a4f93bc549f3630fed836e?s=96&d=mm&r=g\",\"caption\":\"Marielle Baudet\"},\"description\":\"Marielle has been travelling in the Teach on Mars rocket ship for 6 years. After having contributed her skills in pedagogical engineering and training facilitation to guide clients towards success, she is now Product Owner, in charge of designing the new features of the solution.\"}]}<\/script>\n<!-- \/ Yoast SEO Premium plugin. -->","yoast_head_json":{"title":"1\u00e8re Universit\u00e9 d'\u00e9t\u00e9 du Mobile Learning organis\u00e9e par Teach on Mars","description":"La 1\u00e8re Universit\u00e9 d'\u00e9t\u00e9 du Mobile Learning organis\u00e9e par Teach on Mars se tient les 4 et 5 juillet \u00e0 Nice. Teach on Mars met \u00e0 profit ses 4 ann\u00e9es d'exp\u00e9rience dans le Mobile Learning pour un \u00e9v\u00e9nement unique, r\u00e9unissant utilisateurs, formateurs et concepteurs.","robots":{"index":"noindex","follow":"follow"},"og_locale":"fr_FR","og_type":"article","og_title":"[Save the date] Teach on Mars organise la 1\u00e8re Universit\u00e9 d'\u00e9t\u00e9 du Mobile Learning","og_description":"La 1\u00e8re Universit\u00e9 d'\u00e9t\u00e9 du Mobile Learning organis\u00e9e par Teach on Mars se tient les 4 et 5 juillet \u00e0 Nice. Teach on Mars met \u00e0 profit ses 4 ann\u00e9es d'exp\u00e9rience dans le Mobile Learning pour un \u00e9v\u00e9nement unique, r\u00e9unissant utilisateurs, formateurs et concepteurs.","og_url":"https:\/\/www.teachonmars.com\/fr\/blog\/2017\/04\/save-the-date-teach-on-mars-organise-premiere-universite-dete-mobile-learning\/","og_site_name":"Teach on Mars","article_publisher":"https:\/\/www.facebook.com\/teachonmars.fr\/","article_published_time":"2017-04-27T08:29:52+00:00","article_modified_time":"2022-05-27T14:52:49+00:00","og_image":[{"width":702,"height":328,"url":"https:\/\/www.teachonmars.com\/wp-content\/uploads\/2017\/04\/universite-ete-mobile-learning-save-the-date.jpg","type":"image\/jpeg"}],"author":"Marielle Baudet","twitter_card":"summary_large_image","twitter_creator":"@TeachonMarsfr","twitter_site":"@TeachonMarsfr","twitter_misc":{"\u00c9crit par":"Marielle Baudet","Dur\u00e9e de lecture estim\u00e9e":"1 minute"},"schema":{"@context":"https:\/\/schema.org","@graph":[{"@type":"Article","@id":"https:\/\/www.teachonmars.com\/fr\/blog\/2017\/04\/save-the-date-teach-on-mars-organise-premiere-universite-dete-mobile-learning\/#article","isPartOf":{"@id":"https:\/\/www.teachonmars.com\/fr\/blog\/2017\/04\/save-the-date-teach-on-mars-organise-premiere-universite-dete-mobile-learning\/"},"author":{"name":"Marielle Baudet","@id":"https:\/\/www.teachonmars.com\/fr\/#\/schema\/person\/46c151d04d27f96c3d6ff4e2c9c6b888"},"headline":"[Save the date] Teach on Mars organise la 1\u00e8re Universit\u00e9 d&rsquo;\u00e9t\u00e9 du Mobile Learning","datePublished":"2017-04-27T08:29:52+00:00","dateModified":"2022-05-27T14:52:49+00:00","mainEntityOfPage":{"@id":"https:\/\/www.teachonmars.com\/fr\/blog\/2017\/04\/save-the-date-teach-on-mars-organise-premiere-universite-dete-mobile-learning\/"},"wordCount":300,"commentCount":0,"publisher":{"@id":"https:\/\/www.teachonmars.com\/fr\/#organization"},"image":{"@id":"https:\/\/www.teachonmars.com\/fr\/blog\/2017\/04\/save-the-date-teach-on-mars-organise-premiere-universite-dete-mobile-learning\/#primaryimage"},"thumbnailUrl":"https:\/\/www.teachonmars.com\/wp-content\/uploads\/2017\/04\/universite-ete-mobile-learning-save-the-date.jpg","articleSection":["Actualit\u00e9 Teach on Mars"],"inLanguage":"fr-FR","potentialAction":[{"@type":"CommentAction","name":"Comment","target":["https:\/\/www.teachonmars.com\/fr\/blog\/2017\/04\/save-the-date-teach-on-mars-organise-premiere-universite-dete-mobile-learning\/#respond"]}]},{"@type":"WebPage","@id":"https:\/\/www.teachonmars.com\/fr\/blog\/2017\/04\/save-the-date-teach-on-mars-organise-premiere-universite-dete-mobile-learning\/","url":"https:\/\/www.teachonmars.com\/fr\/blog\/2017\/04\/save-the-date-teach-on-mars-organise-premiere-universite-dete-mobile-learning\/","name":"1\u00e8re Universit\u00e9 d'\u00e9t\u00e9 du Mobile Learning organis\u00e9e par Teach on Mars","isPartOf":{"@id":"https:\/\/www.teachonmars.com\/fr\/#website"},"primaryImageOfPage":{"@id":"https:\/\/www.teachonmars.com\/fr\/blog\/2017\/04\/save-the-date-teach-on-mars-organise-premiere-universite-dete-mobile-learning\/#primaryimage"},"image":{"@id":"https:\/\/www.teachonmars.com\/fr\/blog\/2017\/04\/save-the-date-teach-on-mars-organise-premiere-universite-dete-mobile-learning\/#primaryimage"},"thumbnailUrl":"https:\/\/www.teachonmars.com\/wp-content\/uploads\/2017\/04\/universite-ete-mobile-learning-save-the-date.jpg","datePublished":"2017-04-27T08:29:52+00:00","dateModified":"2022-05-27T14:52:49+00:00","description":"La 1\u00e8re Universit\u00e9 d'\u00e9t\u00e9 du Mobile Learning organis\u00e9e par Teach on Mars se tient les 4 et 5 juillet \u00e0 Nice. Teach on Mars met \u00e0 profit ses 4 ann\u00e9es d'exp\u00e9rience dans le Mobile Learning pour un \u00e9v\u00e9nement unique, r\u00e9unissant utilisateurs, formateurs et concepteurs.","breadcrumb":{"@id":"https:\/\/www.teachonmars.com\/fr\/blog\/2017\/04\/save-the-date-teach-on-mars-organise-premiere-universite-dete-mobile-learning\/#breadcrumb"},"inLanguage":"fr-FR","potentialAction":[{"@type":"ReadAction","target":["https:\/\/www.teachonmars.com\/fr\/blog\/2017\/04\/save-the-date-teach-on-mars-organise-premiere-universite-dete-mobile-learning\/"]}]},{"@type":"ImageObject","inLanguage":"fr-FR","@id":"https:\/\/www.teachonmars.com\/fr\/blog\/2017\/04\/save-the-date-teach-on-mars-organise-premiere-universite-dete-mobile-learning\/#primaryimage","url":"https:\/\/www.teachonmars.com\/wp-content\/uploads\/2017\/04\/universite-ete-mobile-learning-save-the-date.jpg","contentUrl":"https:\/\/www.teachonmars.com\/wp-content\/uploads\/2017\/04\/universite-ete-mobile-learning-save-the-date.jpg","width":702,"height":328},{"@type":"BreadcrumbList","@id":"https:\/\/www.teachonmars.com\/fr\/blog\/2017\/04\/save-the-date-teach-on-mars-organise-premiere-universite-dete-mobile-learning\/#breadcrumb","itemListElement":[{"@type":"ListItem","position":1,"name":"Accueil","item":"https:\/\/www.teachonmars.com\/fr\/"},{"@type":"ListItem","position":2,"name":"Actualit\u00e9 Teach on Mars","item":"https:\/\/www.teachonmars.com\/fr\/blog\/categorie\/actualite-teach-on-mars\/"},{"@type":"ListItem","position":3,"name":"[Save the date] Teach on Mars organise la 1\u00e8re Universit\u00e9 d&rsquo;\u00e9t\u00e9 du Mobile Learning"}]},{"@type":"WebSite","@id":"https:\/\/www.teachonmars.com\/fr\/#website","url":"https:\/\/www.teachonmars.com\/fr\/","name":"Teach on Mars","description":"More Learning Moments. Better Future.","publisher":{"@id":"https:\/\/www.teachonmars.com\/fr\/#organization"},"potentialAction":[{"@type":"SearchAction","target":{"@type":"EntryPoint","urlTemplate":"https:\/\/www.teachonmars.com\/fr\/?s={search_term_string}"},"query-input":{"@type":"PropertyValueSpecification","valueRequired":true,"valueName":"search_term_string"}}],"inLanguage":"fr-FR"},{"@type":"Organization","@id":"https:\/\/www.teachonmars.com\/fr\/#organization","name":"Teach on Mars","url":"https:\/\/www.teachonmars.com\/fr\/","logo":{"@type":"ImageObject","inLanguage":"fr-FR","@id":"https:\/\/www.teachonmars.com\/fr\/#\/schema\/logo\/image\/","url":"https:\/\/www.teachonmars.com\/wp-content\/uploads\/2024\/04\/logo-Teach-on-march-by-lumapps-1.png","contentUrl":"https:\/\/www.teachonmars.com\/wp-content\/uploads\/2024\/04\/logo-Teach-on-march-by-lumapps-1.png","width":1052,"height":194,"caption":"Teach on Mars"},"image":{"@id":"https:\/\/www.teachonmars.com\/fr\/#\/schema\/logo\/image\/"},"sameAs":["https:\/\/www.facebook.com\/teachonmars.fr\/","https:\/\/x.com\/TeachonMarsfr","https:\/\/www.linkedin.com\/company\/teach-on-mars\/"]},{"@type":"Person","@id":"https:\/\/www.teachonmars.com\/fr\/#\/schema\/person\/46c151d04d27f96c3d6ff4e2c9c6b888","name":"Marielle Baudet","image":{"@type":"ImageObject","inLanguage":"fr-FR","@id":"https:\/\/secure.gravatar.com\/avatar\/d7489a8ddf02346a65dc6706c6e58f0c58966d9ae3a4f93bc549f3630fed836e?s=96&d=mm&r=g","url":"https:\/\/secure.gravatar.com\/avatar\/d7489a8ddf02346a65dc6706c6e58f0c58966d9ae3a4f93bc549f3630fed836e?s=96&d=mm&r=g","contentUrl":"https:\/\/secure.gravatar.com\/avatar\/d7489a8ddf02346a65dc6706c6e58f0c58966d9ae3a4f93bc549f3630fed836e?s=96&d=mm&r=g","caption":"Marielle Baudet"},"description":"Marielle has been travelling in the Teach on Mars rocket ship for 6 years. After having contributed her skills in pedagogical engineering and training facilitation to guide clients towards success, she is now Product Owner, in charge of designing the new features of the solution."}]}},"_links":{"self":[{"href":"https:\/\/www.teachonmars.com\/fr\/wp-json\/wp\/v2\/posts\/11284","targetHints":{"allow":["GET"]}}],"collection":[{"href":"https:\/\/www.teachonmars.com\/fr\/wp-json\/wp\/v2\/posts"}],"about":[{"href":"https:\/\/www.teachonmars.com\/fr\/wp-json\/wp\/v2\/types\/post"}],"author":[{"embeddable":true,"href":"https:\/\/www.teachonmars.com\/fr\/wp-json\/wp\/v2\/users\/16"}],"replies":[{"embeddable":true,"href":"https:\/\/www.teachonmars.com\/fr\/wp-json\/wp\/v2\/comments?post=11284"}],"version-history":[{"count":0,"href":"https:\/\/www.teachonmars.com\/fr\/wp-json\/wp\/v2\/posts\/11284\/revisions"}],"wp:featuredmedia":[{"embeddable":true,"href":"https:\/\/www.teachonmars.com\/fr\/wp-json\/wp\/v2\/media\/11455"}],"wp:attachment":[{"href":"https:\/\/www.teachonmars.com\/fr\/wp-json\/wp\/v2\/media?parent=11284"}],"wp:term":[{"taxonomy":"category","embeddable":true,"href":"https:\/\/www.teachonmars.com\/fr\/wp-json\/wp\/v2\/categories?post=11284"},{"taxonomy":"post_tag","embeddable":true,"href":"https:\/\/www.teachonmars.com\/fr\/wp-json\/wp\/v2\/tags?post=11284"}],"curies":[{"name":"wp","href":"https:\/\/api.w.org\/{rel}","templated":true}]}}