{"id":10235,"date":"2019-05-24T09:13:59","date_gmt":"2019-05-24T07:13:59","guid":{"rendered":"https:\/\/www.teachonmars.com\/blog\/?p=10235"},"modified":"2022-05-31T17:29:13","modified_gmt":"2022-05-31T15:29:13","slug":"universite-dete-du-mobile-learning-une-troisieme-edition-haut-en-couleur","status":"publish","type":"post","link":"https:\/\/www.teachonmars.com\/fr\/blog\/2019\/05\/universite-dete-du-mobile-learning-une-troisieme-edition-haut-en-couleur\/","title":{"rendered":"Universit\u00e9 d&rsquo;\u00c9t\u00e9 du Mobile Learning : une troisi\u00e8me \u00e9dition haute en couleur"},"content":{"rendered":"\r\n<p>Tic tac&#8230; le compte \u00e0 rebours est lanc\u00e9 ! Vincent Desnot, CEO de Teach on Mars et son \u00e9quipe de martiens se tiennent pr\u00eats \u00e0 ouvrir les portes de l&rsquo;<a href=\"https:\/\/summer-university.teachonmars.com\/fr\/\" target=\"_blank\" rel=\"noreferrer noopener\" aria-label=\"Universit\u00e9 d'\u00e9t\u00e9 du Mobile Learning (s\u2019ouvre dans un nouvel onglet)\">Universit\u00e9 d&rsquo;\u00e9t\u00e9 du Mobile Learning<\/a> 2019 \u00e0 une quarantaine de clients grands comptes.<\/p>\r\n\r\n\r\n\r\n<h2 class=\"wp-block-heading\">Au menu : du mobile learning et du soleil<\/h2>\r\n\r\n\r\n\r\n<p>Comme \u00e0 son habitude, le rendez-vous se tiendra sur la C\u00f4te d&rsquo;Azur les 2 et 3 juillet prochains. Pour l&rsquo;occasion, l&rsquo;\u00e9quipe a concoct\u00e9 deux journ\u00e9es d&rsquo;ateliers, d&rsquo;\u00e9changes, de conf\u00e9rences mobile learning&#8230; tout \u00e7a dans une ambiance conviviale et ensoleill\u00e9e.<\/p>\r\n\r\n\r\n\r\n<p style=\"text-align: center;\"><strong>Mardi 2 juillet 2019<\/strong><br \/><br \/><strong>10h30 :<\/strong> Accueil des participants autour d&rsquo;un petit-d\u00e9jeuner convivial<br \/><br \/><strong>11h00 :<\/strong> Mot d&rsquo;accueil de Vincent Desnot, CEO de Teach on Mars<br \/><br \/><strong>11h45 :<\/strong> Des retours d\u2019exp\u00e9riences de Saba Pradeilles, Group Learning Deployment Manager chez AXA et Ma\u00eft\u00e9 Amostegui, HR Digital Transformation Director chez Dior Parfums sur leurs dispositifs de mobile learning<br \/><br \/><strong>12h45 :<\/strong> Cocktail d\u00e9jeunatoire dans les jardins du Beachcomber<br \/><br \/><strong>14h00 :<\/strong> Table ronde \u00ab Les bonnes pratiques du d\u00e9ploiement \u00bb avec des t\u00e9moignages de clients internationaux : Vinci, Chlo\u00e9, Coty et d&rsquo;autres<br \/><br \/><strong>15h15 :<\/strong> Conf\u00e9rence<br \/>\u00ab Le blended phygital, l&rsquo;exp\u00e9rience immersive, la formation exp\u00e9rientielle \u00bb anim\u00e9e par J\u00e9r\u00f4me Wargnier, CEO Alberon Partners<br \/><br \/><strong><em>16h30 :<\/em><\/strong> Exp\u00e9rience immersive couplant phygital et sensorialit\u00e9 <em><br \/><\/em><br \/><strong>18h00 :<\/strong> Temps libre pour tout le monde ! Le temps de se rafra\u00eechir au bord de la piscine et de se pr\u00e9parer pour la suite&#8230;<br \/><br \/><strong>20h00 :<\/strong> D\u00eener en bord de mer avec vue imprenable sur le coucher de soleil<\/p>\r\n\r\n\r\n\r\n<p style=\"text-align: center;\"><strong>Mercredi 3 juillet 2019<\/strong><br \/><br \/><strong>9h30 :<\/strong> Matin\u00e9e d\u00e9di\u00e9e \u00e0 des \u00ab Ateliers cr\u00e9ation \u00bb <br \/>#1 &#8211; Sometimes you win, sometime you learn<br \/>#2 &#8211; Find analytics to measure impact<br \/>#3 &#8211; Curious about curiosity<br \/><br \/><strong>12h45 :<\/strong> D\u00e9jeuner en terrasse<br \/>\u00c9changes et partages autour d\u2019un buffet barbecue<br \/><br \/><strong>13h45 :<\/strong> Conf\u00e9rence<br \/>\u00ab\u00a0La promesse des Learning Analytics\u00a0\u00bb<br \/><br \/><strong>15h30 : <\/strong>Fin de l\u2019\u00e9v\u00e9nement<br \/>Retour \u00e0 vos camps de base.<\/p>\r\n\r\n\r\n\r\n<p>Toute l&rsquo;\u00e9quipe se r\u00e9jouit d&rsquo;accueillir clients et intervenants pour cette nouvelle \u00e9dition qui promet de beaux moments de networking sous un beau soleil azur\u00e9en.<\/p>\r\n\r\n\r\n\r\n<p>Les inscriptions sont d\u00e9sormais closes. Pour rejoindre l&rsquo;aventure, rendez-vous en 2020 !<\/p>\r\n","protected":false},"excerpt":{"rendered":"<p>Tic tac&#8230; le compte \u00e0 rebours est lanc\u00e9 ! Vincent Desnot, CEO de Teach on Mars et son \u00e9quipe de martiens se tiennent pr\u00eats \u00e0 ouvrir les portes de l&rsquo;Universit\u00e9 d&rsquo;\u00e9t\u00e9 du Mobile Learning 2019 \u00e0 une quarantaine de clients grands comptes. Au menu : du mobile learning et du soleil Comme \u00e0 son habitude, [&hellip;]<\/p>\n","protected":false},"author":17,"featured_media":12169,"comment_status":"open","ping_status":"closed","sticky":false,"template":"","format":"standard","meta":{"_et_pb_use_builder":"","_et_pb_old_content":"","_et_gb_content_width":"","footnotes":""},"categories":[54],"tags":[],"class_list":["post-10235","post","type-post","status-publish","format-standard","has-post-thumbnail","hentry","category-actualite-teach-on-mars"],"yoast_head":"<!-- This site is optimized with the Yoast SEO Premium plugin v22.6 (Yoast SEO v27.5) - https:\/\/yoast.com\/product\/yoast-seo-premium-wordpress\/ -->\n<title>Universit\u00e9 d&#039;\u00c9t\u00e9 du Mobile Learning : une troisi\u00e8me \u00e9dition haute en couleur - Teach on Mars<\/title>\n<meta name=\"description\" content=\"Le programme de la troisi\u00e8me \u00e9dition de l&#039;Universit\u00e9 d&#039;\u00c9t\u00e9 du Mobile Learning est l\u00e0 ! Au menu : ateliers, retours d&#039;exp\u00e9riences, conf\u00e9rences...\" \/>\n<meta name=\"robots\" content=\"noindex, follow\" \/>\n<meta property=\"og:locale\" content=\"fr_FR\" \/>\n<meta property=\"og:type\" content=\"article\" \/>\n<meta property=\"og:title\" content=\"Universit\u00e9 d&#039;\u00c9t\u00e9 du Mobile Learning : une troisi\u00e8me \u00e9dition haute en couleur\" \/>\n<meta property=\"og:description\" content=\"Le programme de la troisi\u00e8me \u00e9dition de l&#039;Universit\u00e9 d&#039;\u00c9t\u00e9 du Mobile Learning est l\u00e0 ! Au menu : ateliers, retours d&#039;exp\u00e9riences, conf\u00e9rences...\" \/>\n<meta property=\"og:url\" content=\"https:\/\/www.teachonmars.com\/fr\/blog\/2019\/05\/universite-dete-du-mobile-learning-une-troisieme-edition-haut-en-couleur\/\" \/>\n<meta property=\"og:site_name\" content=\"Teach on Mars\" \/>\n<meta property=\"article:publisher\" content=\"https:\/\/www.facebook.com\/teachonmars.fr\/\" \/>\n<meta property=\"article:published_time\" content=\"2019-05-24T07:13:59+00:00\" \/>\n<meta property=\"article:modified_time\" content=\"2022-05-31T15:29:13+00:00\" \/>\n<meta property=\"og:image\" content=\"https:\/\/www.teachonmars.com\/wp-content\/uploads\/2019\/05\/ueml-19-dates.jpg\" \/>\n\t<meta property=\"og:image:width\" content=\"700\" \/>\n\t<meta property=\"og:image:height\" content=\"336\" \/>\n\t<meta property=\"og:image:type\" content=\"image\/jpeg\" \/>\n<meta name=\"author\" content=\"No\u00e9mie Bertrand\" \/>\n<meta name=\"twitter:card\" content=\"summary_large_image\" \/>\n<meta name=\"twitter:creator\" content=\"@TeachonMarsfr\" \/>\n<meta name=\"twitter:site\" content=\"@TeachonMarsfr\" \/>\n<meta name=\"twitter:label1\" content=\"\u00c9crit par\" \/>\n\t<meta name=\"twitter:data1\" content=\"No\u00e9mie Bertrand\" \/>\n\t<meta name=\"twitter:label2\" content=\"Dur\u00e9e de lecture estim\u00e9e\" \/>\n\t<meta name=\"twitter:data2\" content=\"2 minutes\" \/>\n<script type=\"application\/ld+json\" class=\"yoast-schema-graph\">{\"@context\":\"https:\\\/\\\/schema.org\",\"@graph\":[{\"@type\":\"Article\",\"@id\":\"https:\\\/\\\/www.teachonmars.com\\\/fr\\\/blog\\\/2019\\\/05\\\/universite-dete-du-mobile-learning-une-troisieme-edition-haut-en-couleur\\\/#article\",\"isPartOf\":{\"@id\":\"https:\\\/\\\/www.teachonmars.com\\\/fr\\\/blog\\\/2019\\\/05\\\/universite-dete-du-mobile-learning-une-troisieme-edition-haut-en-couleur\\\/\"},\"author\":{\"name\":\"No\u00e9mie Bertrand\",\"@id\":\"https:\\\/\\\/www.teachonmars.com\\\/fr\\\/#\\\/schema\\\/person\\\/16dcef3ce288dfad248750f5faf773b0\"},\"headline\":\"Universit\u00e9 d&rsquo;\u00c9t\u00e9 du Mobile Learning : une troisi\u00e8me \u00e9dition haute en couleur\",\"datePublished\":\"2019-05-24T07:13:59+00:00\",\"dateModified\":\"2022-05-31T15:29:13+00:00\",\"mainEntityOfPage\":{\"@id\":\"https:\\\/\\\/www.teachonmars.com\\\/fr\\\/blog\\\/2019\\\/05\\\/universite-dete-du-mobile-learning-une-troisieme-edition-haut-en-couleur\\\/\"},\"wordCount\":356,\"commentCount\":0,\"publisher\":{\"@id\":\"https:\\\/\\\/www.teachonmars.com\\\/fr\\\/#organization\"},\"image\":{\"@id\":\"https:\\\/\\\/www.teachonmars.com\\\/fr\\\/blog\\\/2019\\\/05\\\/universite-dete-du-mobile-learning-une-troisieme-edition-haut-en-couleur\\\/#primaryimage\"},\"thumbnailUrl\":\"https:\\\/\\\/www.teachonmars.com\\\/wp-content\\\/uploads\\\/2019\\\/05\\\/ueml-19-dates.jpg\",\"articleSection\":[\"Actualit\u00e9 Teach on Mars\"],\"inLanguage\":\"fr-FR\",\"potentialAction\":[{\"@type\":\"CommentAction\",\"name\":\"Comment\",\"target\":[\"https:\\\/\\\/www.teachonmars.com\\\/fr\\\/blog\\\/2019\\\/05\\\/universite-dete-du-mobile-learning-une-troisieme-edition-haut-en-couleur\\\/#respond\"]}]},{\"@type\":\"WebPage\",\"@id\":\"https:\\\/\\\/www.teachonmars.com\\\/fr\\\/blog\\\/2019\\\/05\\\/universite-dete-du-mobile-learning-une-troisieme-edition-haut-en-couleur\\\/\",\"url\":\"https:\\\/\\\/www.teachonmars.com\\\/fr\\\/blog\\\/2019\\\/05\\\/universite-dete-du-mobile-learning-une-troisieme-edition-haut-en-couleur\\\/\",\"name\":\"Universit\u00e9 d'\u00c9t\u00e9 du Mobile Learning : une troisi\u00e8me \u00e9dition haute en couleur - Teach on Mars\",\"isPartOf\":{\"@id\":\"https:\\\/\\\/www.teachonmars.com\\\/fr\\\/#website\"},\"primaryImageOfPage\":{\"@id\":\"https:\\\/\\\/www.teachonmars.com\\\/fr\\\/blog\\\/2019\\\/05\\\/universite-dete-du-mobile-learning-une-troisieme-edition-haut-en-couleur\\\/#primaryimage\"},\"image\":{\"@id\":\"https:\\\/\\\/www.teachonmars.com\\\/fr\\\/blog\\\/2019\\\/05\\\/universite-dete-du-mobile-learning-une-troisieme-edition-haut-en-couleur\\\/#primaryimage\"},\"thumbnailUrl\":\"https:\\\/\\\/www.teachonmars.com\\\/wp-content\\\/uploads\\\/2019\\\/05\\\/ueml-19-dates.jpg\",\"datePublished\":\"2019-05-24T07:13:59+00:00\",\"dateModified\":\"2022-05-31T15:29:13+00:00\",\"description\":\"Le programme de la troisi\u00e8me \u00e9dition de l'Universit\u00e9 d'\u00c9t\u00e9 du Mobile Learning est l\u00e0 ! Au menu : ateliers, retours d'exp\u00e9riences, conf\u00e9rences...\",\"breadcrumb\":{\"@id\":\"https:\\\/\\\/www.teachonmars.com\\\/fr\\\/blog\\\/2019\\\/05\\\/universite-dete-du-mobile-learning-une-troisieme-edition-haut-en-couleur\\\/#breadcrumb\"},\"inLanguage\":\"fr-FR\",\"potentialAction\":[{\"@type\":\"ReadAction\",\"target\":[\"https:\\\/\\\/www.teachonmars.com\\\/fr\\\/blog\\\/2019\\\/05\\\/universite-dete-du-mobile-learning-une-troisieme-edition-haut-en-couleur\\\/\"]}]},{\"@type\":\"ImageObject\",\"inLanguage\":\"fr-FR\",\"@id\":\"https:\\\/\\\/www.teachonmars.com\\\/fr\\\/blog\\\/2019\\\/05\\\/universite-dete-du-mobile-learning-une-troisieme-edition-haut-en-couleur\\\/#primaryimage\",\"url\":\"https:\\\/\\\/www.teachonmars.com\\\/wp-content\\\/uploads\\\/2019\\\/05\\\/ueml-19-dates.jpg\",\"contentUrl\":\"https:\\\/\\\/www.teachonmars.com\\\/wp-content\\\/uploads\\\/2019\\\/05\\\/ueml-19-dates.jpg\",\"width\":700,\"height\":336,\"caption\":\"dates univeriste d'ete du mobile learning 2019\"},{\"@type\":\"BreadcrumbList\",\"@id\":\"https:\\\/\\\/www.teachonmars.com\\\/fr\\\/blog\\\/2019\\\/05\\\/universite-dete-du-mobile-learning-une-troisieme-edition-haut-en-couleur\\\/#breadcrumb\",\"itemListElement\":[{\"@type\":\"ListItem\",\"position\":1,\"name\":\"Accueil\",\"item\":\"https:\\\/\\\/www.teachonmars.com\\\/fr\\\/\"},{\"@type\":\"ListItem\",\"position\":2,\"name\":\"Actualit\u00e9 Teach on Mars\",\"item\":\"https:\\\/\\\/www.teachonmars.com\\\/fr\\\/blog\\\/categorie\\\/actualite-teach-on-mars\\\/\"},{\"@type\":\"ListItem\",\"position\":3,\"name\":\"Universit\u00e9 d&rsquo;\u00c9t\u00e9 du Mobile Learning : une troisi\u00e8me \u00e9dition haute en couleur\"}]},{\"@type\":\"WebSite\",\"@id\":\"https:\\\/\\\/www.teachonmars.com\\\/fr\\\/#website\",\"url\":\"https:\\\/\\\/www.teachonmars.com\\\/fr\\\/\",\"name\":\"Teach on Mars\",\"description\":\"More Learning Moments. Better Future.\",\"publisher\":{\"@id\":\"https:\\\/\\\/www.teachonmars.com\\\/fr\\\/#organization\"},\"potentialAction\":[{\"@type\":\"SearchAction\",\"target\":{\"@type\":\"EntryPoint\",\"urlTemplate\":\"https:\\\/\\\/www.teachonmars.com\\\/fr\\\/?s={search_term_string}\"},\"query-input\":{\"@type\":\"PropertyValueSpecification\",\"valueRequired\":true,\"valueName\":\"search_term_string\"}}],\"inLanguage\":\"fr-FR\"},{\"@type\":\"Organization\",\"@id\":\"https:\\\/\\\/www.teachonmars.com\\\/fr\\\/#organization\",\"name\":\"Teach on Mars\",\"url\":\"https:\\\/\\\/www.teachonmars.com\\\/fr\\\/\",\"logo\":{\"@type\":\"ImageObject\",\"inLanguage\":\"fr-FR\",\"@id\":\"https:\\\/\\\/www.teachonmars.com\\\/fr\\\/#\\\/schema\\\/logo\\\/image\\\/\",\"url\":\"https:\\\/\\\/www.teachonmars.com\\\/wp-content\\\/uploads\\\/2024\\\/04\\\/logo-Teach-on-march-by-lumapps-1.png\",\"contentUrl\":\"https:\\\/\\\/www.teachonmars.com\\\/wp-content\\\/uploads\\\/2024\\\/04\\\/logo-Teach-on-march-by-lumapps-1.png\",\"width\":1052,\"height\":194,\"caption\":\"Teach on Mars\"},\"image\":{\"@id\":\"https:\\\/\\\/www.teachonmars.com\\\/fr\\\/#\\\/schema\\\/logo\\\/image\\\/\"},\"sameAs\":[\"https:\\\/\\\/www.facebook.com\\\/teachonmars.fr\\\/\",\"https:\\\/\\\/x.com\\\/TeachonMarsfr\",\"https:\\\/\\\/www.linkedin.com\\\/company\\\/teach-on-mars\\\/\"]},{\"@type\":\"Person\",\"@id\":\"https:\\\/\\\/www.teachonmars.com\\\/fr\\\/#\\\/schema\\\/person\\\/16dcef3ce288dfad248750f5faf773b0\",\"name\":\"No\u00e9mie Bertrand\",\"image\":{\"@type\":\"ImageObject\",\"inLanguage\":\"fr-FR\",\"@id\":\"https:\\\/\\\/secure.gravatar.com\\\/avatar\\\/a2b54f44b357662492b910a32988d2d988811fe3b519af68426bd3262387ab48?s=96&d=mm&r=g\",\"url\":\"https:\\\/\\\/secure.gravatar.com\\\/avatar\\\/a2b54f44b357662492b910a32988d2d988811fe3b519af68426bd3262387ab48?s=96&d=mm&r=g\",\"contentUrl\":\"https:\\\/\\\/secure.gravatar.com\\\/avatar\\\/a2b54f44b357662492b910a32988d2d988811fe3b519af68426bd3262387ab48?s=96&d=mm&r=g\",\"caption\":\"No\u00e9mie Bertrand\"},\"description\":\"Dipl\u00f4m\u00e9e d\u2019\u00e9cole de commerce et passionn\u00e9e par les innovations du num\u00e9rique, No\u00e9mie a enfil\u00e9 son scaphandre et rejoint l\u2019\u00e9quipe Teach on Mars au poste de Content Manager. Elle intervient en marketing et \u00e9v\u00e9nementiel tout en contribuant \u00e0 Teach on Earth, une initiative sociale et environnementale.\"}]}<\/script>\n<!-- \/ Yoast SEO Premium plugin. -->","yoast_head_json":{"title":"Universit\u00e9 d'\u00c9t\u00e9 du Mobile Learning : une troisi\u00e8me \u00e9dition haute en couleur - Teach on Mars","description":"Le programme de la troisi\u00e8me \u00e9dition de l'Universit\u00e9 d'\u00c9t\u00e9 du Mobile Learning est l\u00e0 ! Au menu : ateliers, retours d'exp\u00e9riences, conf\u00e9rences...","robots":{"index":"noindex","follow":"follow"},"og_locale":"fr_FR","og_type":"article","og_title":"Universit\u00e9 d'\u00c9t\u00e9 du Mobile Learning : une troisi\u00e8me \u00e9dition haute en couleur","og_description":"Le programme de la troisi\u00e8me \u00e9dition de l'Universit\u00e9 d'\u00c9t\u00e9 du Mobile Learning est l\u00e0 ! Au menu : ateliers, retours d'exp\u00e9riences, conf\u00e9rences...","og_url":"https:\/\/www.teachonmars.com\/fr\/blog\/2019\/05\/universite-dete-du-mobile-learning-une-troisieme-edition-haut-en-couleur\/","og_site_name":"Teach on Mars","article_publisher":"https:\/\/www.facebook.com\/teachonmars.fr\/","article_published_time":"2019-05-24T07:13:59+00:00","article_modified_time":"2022-05-31T15:29:13+00:00","og_image":[{"width":700,"height":336,"url":"https:\/\/www.teachonmars.com\/wp-content\/uploads\/2019\/05\/ueml-19-dates.jpg","type":"image\/jpeg"}],"author":"No\u00e9mie Bertrand","twitter_card":"summary_large_image","twitter_creator":"@TeachonMarsfr","twitter_site":"@TeachonMarsfr","twitter_misc":{"\u00c9crit par":"No\u00e9mie Bertrand","Dur\u00e9e de lecture estim\u00e9e":"2 minutes"},"schema":{"@context":"https:\/\/schema.org","@graph":[{"@type":"Article","@id":"https:\/\/www.teachonmars.com\/fr\/blog\/2019\/05\/universite-dete-du-mobile-learning-une-troisieme-edition-haut-en-couleur\/#article","isPartOf":{"@id":"https:\/\/www.teachonmars.com\/fr\/blog\/2019\/05\/universite-dete-du-mobile-learning-une-troisieme-edition-haut-en-couleur\/"},"author":{"name":"No\u00e9mie Bertrand","@id":"https:\/\/www.teachonmars.com\/fr\/#\/schema\/person\/16dcef3ce288dfad248750f5faf773b0"},"headline":"Universit\u00e9 d&rsquo;\u00c9t\u00e9 du Mobile Learning : une troisi\u00e8me \u00e9dition haute en couleur","datePublished":"2019-05-24T07:13:59+00:00","dateModified":"2022-05-31T15:29:13+00:00","mainEntityOfPage":{"@id":"https:\/\/www.teachonmars.com\/fr\/blog\/2019\/05\/universite-dete-du-mobile-learning-une-troisieme-edition-haut-en-couleur\/"},"wordCount":356,"commentCount":0,"publisher":{"@id":"https:\/\/www.teachonmars.com\/fr\/#organization"},"image":{"@id":"https:\/\/www.teachonmars.com\/fr\/blog\/2019\/05\/universite-dete-du-mobile-learning-une-troisieme-edition-haut-en-couleur\/#primaryimage"},"thumbnailUrl":"https:\/\/www.teachonmars.com\/wp-content\/uploads\/2019\/05\/ueml-19-dates.jpg","articleSection":["Actualit\u00e9 Teach on Mars"],"inLanguage":"fr-FR","potentialAction":[{"@type":"CommentAction","name":"Comment","target":["https:\/\/www.teachonmars.com\/fr\/blog\/2019\/05\/universite-dete-du-mobile-learning-une-troisieme-edition-haut-en-couleur\/#respond"]}]},{"@type":"WebPage","@id":"https:\/\/www.teachonmars.com\/fr\/blog\/2019\/05\/universite-dete-du-mobile-learning-une-troisieme-edition-haut-en-couleur\/","url":"https:\/\/www.teachonmars.com\/fr\/blog\/2019\/05\/universite-dete-du-mobile-learning-une-troisieme-edition-haut-en-couleur\/","name":"Universit\u00e9 d'\u00c9t\u00e9 du Mobile Learning : une troisi\u00e8me \u00e9dition haute en couleur - Teach on Mars","isPartOf":{"@id":"https:\/\/www.teachonmars.com\/fr\/#website"},"primaryImageOfPage":{"@id":"https:\/\/www.teachonmars.com\/fr\/blog\/2019\/05\/universite-dete-du-mobile-learning-une-troisieme-edition-haut-en-couleur\/#primaryimage"},"image":{"@id":"https:\/\/www.teachonmars.com\/fr\/blog\/2019\/05\/universite-dete-du-mobile-learning-une-troisieme-edition-haut-en-couleur\/#primaryimage"},"thumbnailUrl":"https:\/\/www.teachonmars.com\/wp-content\/uploads\/2019\/05\/ueml-19-dates.jpg","datePublished":"2019-05-24T07:13:59+00:00","dateModified":"2022-05-31T15:29:13+00:00","description":"Le programme de la troisi\u00e8me \u00e9dition de l'Universit\u00e9 d'\u00c9t\u00e9 du Mobile Learning est l\u00e0 ! Au menu : ateliers, retours d'exp\u00e9riences, conf\u00e9rences...","breadcrumb":{"@id":"https:\/\/www.teachonmars.com\/fr\/blog\/2019\/05\/universite-dete-du-mobile-learning-une-troisieme-edition-haut-en-couleur\/#breadcrumb"},"inLanguage":"fr-FR","potentialAction":[{"@type":"ReadAction","target":["https:\/\/www.teachonmars.com\/fr\/blog\/2019\/05\/universite-dete-du-mobile-learning-une-troisieme-edition-haut-en-couleur\/"]}]},{"@type":"ImageObject","inLanguage":"fr-FR","@id":"https:\/\/www.teachonmars.com\/fr\/blog\/2019\/05\/universite-dete-du-mobile-learning-une-troisieme-edition-haut-en-couleur\/#primaryimage","url":"https:\/\/www.teachonmars.com\/wp-content\/uploads\/2019\/05\/ueml-19-dates.jpg","contentUrl":"https:\/\/www.teachonmars.com\/wp-content\/uploads\/2019\/05\/ueml-19-dates.jpg","width":700,"height":336,"caption":"dates univeriste d'ete du mobile learning 2019"},{"@type":"BreadcrumbList","@id":"https:\/\/www.teachonmars.com\/fr\/blog\/2019\/05\/universite-dete-du-mobile-learning-une-troisieme-edition-haut-en-couleur\/#breadcrumb","itemListElement":[{"@type":"ListItem","position":1,"name":"Accueil","item":"https:\/\/www.teachonmars.com\/fr\/"},{"@type":"ListItem","position":2,"name":"Actualit\u00e9 Teach on Mars","item":"https:\/\/www.teachonmars.com\/fr\/blog\/categorie\/actualite-teach-on-mars\/"},{"@type":"ListItem","position":3,"name":"Universit\u00e9 d&rsquo;\u00c9t\u00e9 du Mobile Learning : une troisi\u00e8me \u00e9dition haute en couleur"}]},{"@type":"WebSite","@id":"https:\/\/www.teachonmars.com\/fr\/#website","url":"https:\/\/www.teachonmars.com\/fr\/","name":"Teach on Mars","description":"More Learning Moments. Better Future.","publisher":{"@id":"https:\/\/www.teachonmars.com\/fr\/#organization"},"potentialAction":[{"@type":"SearchAction","target":{"@type":"EntryPoint","urlTemplate":"https:\/\/www.teachonmars.com\/fr\/?s={search_term_string}"},"query-input":{"@type":"PropertyValueSpecification","valueRequired":true,"valueName":"search_term_string"}}],"inLanguage":"fr-FR"},{"@type":"Organization","@id":"https:\/\/www.teachonmars.com\/fr\/#organization","name":"Teach on Mars","url":"https:\/\/www.teachonmars.com\/fr\/","logo":{"@type":"ImageObject","inLanguage":"fr-FR","@id":"https:\/\/www.teachonmars.com\/fr\/#\/schema\/logo\/image\/","url":"https:\/\/www.teachonmars.com\/wp-content\/uploads\/2024\/04\/logo-Teach-on-march-by-lumapps-1.png","contentUrl":"https:\/\/www.teachonmars.com\/wp-content\/uploads\/2024\/04\/logo-Teach-on-march-by-lumapps-1.png","width":1052,"height":194,"caption":"Teach on Mars"},"image":{"@id":"https:\/\/www.teachonmars.com\/fr\/#\/schema\/logo\/image\/"},"sameAs":["https:\/\/www.facebook.com\/teachonmars.fr\/","https:\/\/x.com\/TeachonMarsfr","https:\/\/www.linkedin.com\/company\/teach-on-mars\/"]},{"@type":"Person","@id":"https:\/\/www.teachonmars.com\/fr\/#\/schema\/person\/16dcef3ce288dfad248750f5faf773b0","name":"No\u00e9mie Bertrand","image":{"@type":"ImageObject","inLanguage":"fr-FR","@id":"https:\/\/secure.gravatar.com\/avatar\/a2b54f44b357662492b910a32988d2d988811fe3b519af68426bd3262387ab48?s=96&d=mm&r=g","url":"https:\/\/secure.gravatar.com\/avatar\/a2b54f44b357662492b910a32988d2d988811fe3b519af68426bd3262387ab48?s=96&d=mm&r=g","contentUrl":"https:\/\/secure.gravatar.com\/avatar\/a2b54f44b357662492b910a32988d2d988811fe3b519af68426bd3262387ab48?s=96&d=mm&r=g","caption":"No\u00e9mie Bertrand"},"description":"Dipl\u00f4m\u00e9e d\u2019\u00e9cole de commerce et passionn\u00e9e par les innovations du num\u00e9rique, No\u00e9mie a enfil\u00e9 son scaphandre et rejoint l\u2019\u00e9quipe Teach on Mars au poste de Content Manager. Elle intervient en marketing et \u00e9v\u00e9nementiel tout en contribuant \u00e0 Teach on Earth, une initiative sociale et environnementale."}]}},"_links":{"self":[{"href":"https:\/\/www.teachonmars.com\/fr\/wp-json\/wp\/v2\/posts\/10235","targetHints":{"allow":["GET"]}}],"collection":[{"href":"https:\/\/www.teachonmars.com\/fr\/wp-json\/wp\/v2\/posts"}],"about":[{"href":"https:\/\/www.teachonmars.com\/fr\/wp-json\/wp\/v2\/types\/post"}],"author":[{"embeddable":true,"href":"https:\/\/www.teachonmars.com\/fr\/wp-json\/wp\/v2\/users\/17"}],"replies":[{"embeddable":true,"href":"https:\/\/www.teachonmars.com\/fr\/wp-json\/wp\/v2\/comments?post=10235"}],"version-history":[{"count":0,"href":"https:\/\/www.teachonmars.com\/fr\/wp-json\/wp\/v2\/posts\/10235\/revisions"}],"wp:featuredmedia":[{"embeddable":true,"href":"https:\/\/www.teachonmars.com\/fr\/wp-json\/wp\/v2\/media\/12169"}],"wp:attachment":[{"href":"https:\/\/www.teachonmars.com\/fr\/wp-json\/wp\/v2\/media?parent=10235"}],"wp:term":[{"taxonomy":"category","embeddable":true,"href":"https:\/\/www.teachonmars.com\/fr\/wp-json\/wp\/v2\/categories?post=10235"},{"taxonomy":"post_tag","embeddable":true,"href":"https:\/\/www.teachonmars.com\/fr\/wp-json\/wp\/v2\/tags?post=10235"}],"curies":[{"name":"wp","href":"https:\/\/api.w.org\/{rel}","templated":true}]}}