{"id":8324,"date":"2018-07-26T09:10:04","date_gmt":"2018-07-26T07:10:04","guid":{"rendered":"https:\/\/www.teachonmars.com\/blog\/?p=8324"},"modified":"2019-08-27T19:38:47","modified_gmt":"2019-08-27T17:38:47","slug":"two-in-a-row-the-mobile-learning-summer-university-lands-on-mars-for-the-second-year-running","status":"publish","type":"post","link":"https:\/\/www.teachonmars.com\/en\/blog\/2018\/07\/two-in-a-row-the-mobile-learning-summer-university-lands-on-mars-for-the-second-year-running\/","title":{"rendered":"Two in a row ! The Mobile Learning Summer University lands on Mars for the second year running!"},"content":{"rendered":"<p>The <a href=\"https:\/\/summer-university.teachonmars.com\/en\/\"><u>Mobile Learning Summer University<\/u><\/a> is not only becoming <em>the<\/em> don\u2019t-miss client event of the year, it\u2019s also passed into legend as a defining moment in the history of Teach on Mars. The second edition took place on July 4 and 5, bringing together some forty or so Digital Learning Managers from major blue-chip corporations along with international speakers for two days of thought leadership, debate and experience-sharing.<\/p>\n<p><iframe loading=\"lazy\" title=\"Mobile Learning Summer University #2\" width=\"1080\" height=\"608\" src=\"https:\/\/www.youtube.com\/embed\/109v77No6eA?feature=oembed\"  allow=\"accelerometer; autoplay; clipboard-write; encrypted-media; gyroscope; picture-in-picture; web-share\" referrerpolicy=\"strict-origin-when-cross-origin\" allowfullscreen><\/iframe><\/p>\n<p>It\u2019s Wednesday July 4 and the location is the Beachcomber French Riviera Hotel for the official opening of the second edition of the Mobile Learning Summer University around a relaxed networking lunch beneath the radiant Riviera sunshine.<\/p>\n<blockquote class=\"twitter-tweet\" data-width=\"550\" data-dnt=\"true\">\n<p lang=\"fr\" dir=\"ltr\">La seconde \u00e9dition de l\u2019Universit\u00e9 d\u2019\u00c9t\u00e9 du <a href=\"https:\/\/twitter.com\/hashtag\/Mobile?src=hash&amp;ref_src=twsrc%5Etfw\">#Mobile<\/a> <a href=\"https:\/\/twitter.com\/hashtag\/Learning?src=hash&amp;ref_src=twsrc%5Etfw\">#Learning<\/a> est officiellement lanc\u00e9e <a href=\"https:\/\/twitter.com\/hashtag\/UEML18?src=hash&amp;ref_src=twsrc%5Etfw\">#UEML18<\/a> <a href=\"https:\/\/twitter.com\/hashtag\/mobilelearning?src=hash&amp;ref_src=twsrc%5Etfw\">#mobilelearning<\/a> <a href=\"https:\/\/t.co\/isGMYFxnw3\">pic.twitter.com\/isGMYFxnw3<\/a><\/p>\n<p>&mdash; Teach on Mars FR (@TeachonMarsfr) <a href=\"https:\/\/twitter.com\/TeachonMarsfr\/status\/1014468271104581632?ref_src=twsrc%5Etfw\">July 4, 2018<\/a><\/p><\/blockquote>\n<p><script async src=\"https:\/\/platform.twitter.com\/widgets.js\" charset=\"utf-8\"><\/script><\/p>\n<p>&#8220;T<em>he second edition of the #Mobile #Learning Summer University is officially underway #MLSU18 #mobilelearning #summeruniversity<\/em>&#8221;<\/p>\n<h2>Hello world.<\/h2>\n<p>In keeping with tradition, the honour of kicking off proceedings and welcoming the guests went to Vincent Desnot, CEO and Co-Founder of <u><a href=\"https:\/\/www.teachonmars.com\/en\/product\/\">Teach on Mars<\/a><\/u>.<\/p>\n<p>https:\/\/twitter.com\/teachonmarsen\/status\/1014494358291271681<\/p>\n<p>For his introduction this year, Vincent chose to put the spotlight on the new features and functionalities that are coming soon to the Teach on Mars solution to reinforce the start-up\u2019s commitment to permanent innovation and raise the bar even higher on the excellence of its learner experience.<\/p>\n<div id=\"attachment_8285\" style=\"width: 712px\" class=\"wp-caption alignnone\"><a href=\"https:\/\/www.teachonmars.com\/blog\/wp-content\/uploads\/2018\/07\/UEML2018-Opening-VDesnot.jpg\"><img loading=\"lazy\" decoding=\"async\" aria-describedby=\"caption-attachment-8285\" class=\"wp-image-8285 size-large\" src=\"https:\/\/www.teachonmars.com\/blog\/wp-content\/uploads\/2018\/07\/UEML2018-Opening-VDesnot-1024x743.jpg\" alt=\"Sketchote de la conf\u00e9rence Welcome to the Mobile Learning Summer University&quot; de Vincent Desnot\" width=\"702\" height=\"509\" \/><\/a><p id=\"caption-attachment-8285\" class=\"wp-caption-text\">Sketchnote of Vincent Desnot\u2019s &#8220;Welcome to the Mobile Learning Summer University&#8221; opening keynote (by Estelle Routier, Creative Director at Teach on Mars)<\/p><\/div>\n<p>\u201cHR trends and training reform in France: the implications for digital learning\u201d\u00a0was the highly topical theme of the first round-table discussion, moderated by J\u00e9r\u00f4me Wargnier, Head of Education at Teach on Mars. A\u00efda Diab, Director of <u><a href=\"http:\/\/asfored.org\/\">Asfored<\/a><\/u> and Michel Barbier, Head of the HR Innovation Cell at <u><a href=\"https:\/\/www.sncf.com\/fr\">SNCF<\/a><\/u> joined J\u00e9r\u00f4me on stage to offer their insights into what recent workplace legislation reform in France will really mean in practice for the L&amp;D profession, and share their own experience around the question.<\/p>\n<div id=\"attachment_8288\" style=\"width: 712px\" class=\"wp-caption alignnone\"><a href=\"https:\/\/www.teachonmars.com\/blog\/wp-content\/uploads\/2018\/07\/UEML2018-TableRonde.jpg\"><img loading=\"lazy\" decoding=\"async\" aria-describedby=\"caption-attachment-8288\" class=\"size-large wp-image-8288\" src=\"https:\/\/www.teachonmars.com\/blog\/wp-content\/uploads\/2018\/07\/UEML2018-TableRonde-1024x737.jpg\" alt=\"Sketchote de la table ronde &quot;Tendances RH et r\u00e9forme de la formation&quot; anim\u00e9e par J\u00e9r\u00f4me Wargnier\" width=\"702\" height=\"505\" \/><\/a><p id=\"caption-attachment-8288\" class=\"wp-caption-text\">Sketchnote of the &#8220;HR trends and training reform&#8221; round-table moderated by J\u00e9r\u00f4me Wargnier (drawn by Estelle Routier, Creative Director at Teach on Mars)<\/p><\/div>\n<p>Next came a brand new innovation for 2018, with Teach on Mars choosing to internationalise the appeal of the event by inviting English-speaking keynote speakers. As a first taste, the delegates were treated to an inspiring talk from Tony Small, Managing Director of consultancy Inova, on what\u2019s hot and what\u2019s not in Learning and Development across the Channel in the UK, leading to a lively debate on some of the key differences with the industry in France.<\/p>\n<p>In a change of pace and tone, the assembled throng were then told it was<em> Time To Play!<\/em> For that was the name coined for a highly interactive collaborative video workshop where participants were split into teams and had 45 minutes to produce a 2-minute promotional film for their very own imaginary mobile learning app! The result?\u00a0Impressive teamwork, some surprisingly committed and accomplished acting, and more than a touch of madness and hilarity!<\/p>\n<p>Finally, to round off this first day in fine style, participants and Martian staffers alike congregated in front of the sunset on the magnificent Keller Beach at Cap d\u2019Antibes. Time for everyone to catch their breath, reflect on the learnings and experiences of the day and enjoy quality company over dinner in one of the C\u00f4te d\u2019Azur\u2019s most iconic locations.<\/p>\n<p><strong>How Artificial Intelligence and Content Curation may\u00a0 change learning in the future<\/strong><\/p>\n<p>Wednesday July 5, 9am. Split into sub-groups, the participants embark on an action-packed morning of highly participative workshops, using a practical, hands-on approach to tackle three on-point topics. It was a busy morning, to say the least! They applied storytelling techniques and tools to instructional design and adapted them to the learning cycle and learner profiles. They designed and presented the mobile learning feature of their dreams.\u00a0 And they brainstormed on the job description and responsibilities of the ideal Digital Learning Manager of the future. And that was all before lunchtime!<\/p>\n<p>After a delicious open-air barbecue, the final half-day got underway back in the plenary room with a presentation from Oscar Rodriguez Rocha, Research Engineer at <u><a href=\"https:\/\/www.inria.fr\/en\/\">Inria<\/a><\/u> (the French <em>National Institute for Artificial Intelligence Research<\/em>). Interviewed by Vincent Desnot, Oscar gave the participants a fascinating glimpse into what artificial intelligence technology will be able to offer the learning industry in the future. And you\u2019ll soon be able to revisit the questions Oscar raised yourselves, as a video of his keynote is scheduled to a be published in the near future on the Teach on Mars mobile learning blog.<\/p>\n<div id=\"attachment_8291\" style=\"width: 712px\" class=\"wp-caption alignnone\"><a href=\"https:\/\/www.teachonmars.com\/blog\/wp-content\/uploads\/2018\/07\/UEML2018-Conf-Inria.jpg\"><img loading=\"lazy\" decoding=\"async\" aria-describedby=\"caption-attachment-8291\" class=\"size-large wp-image-8291\" src=\"https:\/\/www.teachonmars.com\/blog\/wp-content\/uploads\/2018\/07\/UEML2018-Conf-Inria-1024x742.jpg\" alt=\"Sketchote de la conf\u00e9rence &quot;La formation \u00e0 l\u2019\u00e8re de l\u2019intelligence artificielle&quot; d'Oscar Rodriguez Rocha\" width=\"702\" height=\"509\" \/><\/a><p id=\"caption-attachment-8291\" class=\"wp-caption-text\">Sketchnote of Oscar Rodriguez Rocha\u2019s presentation &#8220;Learning in the AI age&#8221; (by Estelle Routier, Creative Director at Teach on Mars)<\/p><\/div>\n<p>For the final keynote and round-table, Teach on Mars wanted to introduce the critical topic of how to build an optimized digital learning content strategy. Who better to turn to then to kick off this session than Stephen Walsh, Co-Founder and CEO of <u><a href=\"https:\/\/www.teachonmars.com\/blog\/en\/2018\/06\/teach-on-mars-partnership-with-anders-pink-brings-a-perfect-solution-to-your-digital-content-strategy-challenges-one-step-closer\/\">Anders Pink<\/a><\/u>. one of the world leaders in the rapidly-developing field of content curation. Stephen explained how the challenges, habits and preferences of modern learners are changing, and how content curation (among other offers) is helping the L&amp;D profession to respond to this new environment.<\/p>\n<div id=\"attachment_8294\" style=\"width: 712px\" class=\"wp-caption alignnone\"><a href=\"https:\/\/www.teachonmars.com\/blog\/wp-content\/uploads\/2018\/07\/UEML2018-Conf-SWalsh.jpg\"><img loading=\"lazy\" decoding=\"async\" aria-describedby=\"caption-attachment-8294\" class=\"size-large wp-image-8294\" src=\"https:\/\/www.teachonmars.com\/blog\/wp-content\/uploads\/2018\/07\/UEML2018-Conf-SWalsh-1024x741.jpg\" alt=\"Sketchnote de la table ronde &quot;Digital Content Strategies for Learning&quot; anim\u00e9e par Stephen Walsh\" width=\"702\" height=\"508\" \/><\/a><p id=\"caption-attachment-8294\" class=\"wp-caption-text\">Sketchnote of the &#8220;Digital Learning Content Strategies&#8221; keynote and round-table led by Stephen Walsh (drawn by Estelle Routier, Creative Director at Teach on Mars)<\/p><\/div>\n<p>And because the Summer University is all about Teach on Mars clients, there were frequent interview sequences alternating with the keynotes, round-tables and workshops throughout the two days. These were the opportunity for clients such as <u><a href=\"https:\/\/www.teachonmars.com\/blog\/en\/2018\/03\/acqua-di-parma-enters-a-whole-new-world-with-mobile-learning\/\">Acqua di Parma<\/a><\/u>, <u><a href=\"https:\/\/www.teachonmars.com\/blog\/en\/2018\/06\/campus-mobile-placing-learning-in-the-palm-of-the-salespersons-hand-at-generale-de-telephone\/\">Orange<\/a><\/u>, <u><a href=\"https:\/\/www.teachonmars.com\/blog\/en\/2018\/07\/bdigit-app-brings-digital-cultural-awareness-to-106000-bpce-group-employees\/\">BPCE Group<\/a><\/u>, <u><a href=\"https:\/\/www.teachonmars.com\/blog\/en\/2018\/04\/learn-up-klepierre-groups-mobile-learning-app-training-challenge\/\">Kl\u00e9pierre<\/a><\/u>\u00a0and many others to share the stories of their mobile learning adventures with the group.<\/p>\n<p>The whole Teach on Mars team would like to thank every client and contributor for all they did to make this second edition of the Mobile Learning Summer University such an enjoyable and rewarding event. We look forward to seeing you again next year!<\/p>\n<p>If you were a participant in this year\u2019s Summer University, you will find summaries of all the keynotes and workshops on the Teach on Mars application, which is available for download on<u><a href=\"https:\/\/itunes.apple.com\/fr\/app\/teach-on-mars\/id1136755987?mt=8\">\u00a0App Store<\/a><\/u> and<u><a href=\"https:\/\/play.google.com\/store\/apps\/details?id=com.teachonmars.tom.teachonmars&amp;hl=fr\"> Google Play<\/a><\/u>.<\/p>\n<p><a href=\"https:\/\/www.teachonmars.com\/blog\/wp-content\/uploads\/2018\/07\/UEML-18.png\"><strong>2018 Edition participant testimonials<\/strong><\/a><\/p>\n<p><a href=\"https:\/\/www.teachonmars.com\/blog\/wp-content\/uploads\/2018\/07\/UEML-18-EN.png\"><img loading=\"lazy\" decoding=\"async\" class=\"alignnone wp-image-8343 size-large\" src=\"https:\/\/www.teachonmars.com\/blog\/wp-content\/uploads\/2018\/07\/UEML-18-EN-410x1024.png\" alt=\"mobile learning summer university participant testimonials\" width=\"410\" height=\"1024\" \/><\/a><\/p>\n<p>&nbsp;<\/p>\n<p>Watch this space in future newsletters for summaries of the content of some of the headline keynotes from this year\u2019s event:<\/p>\n<ul>\n<li>\u201cThe View From Across The Channel: What\u2019s Hot and What\u2019s Not in the UK\u201d<\/li>\n<li>\u201cNon-linear Learning Experiences: Learning in the AI Age\u201d<\/li>\n<li>\u201cBespoke, Off-The-Shelf or Content Curation? Building a Digital Learning Strategy That Rocks<em>\u201d<\/em><\/li>\n<\/ul>\n","protected":false},"excerpt":{"rendered":"<p>The Mobile Learning Summer University is not only becoming the don\u2019t-miss client event of the year, it\u2019s also passed into legend as a defining moment in the history of Teach on Mars. The second edition took place on July 4 and 5, bringing together some forty or so Digital Learning Managers from major blue-chip corporations [&hellip;]<\/p>\n","protected":false},"author":17,"featured_media":12279,"comment_status":"open","ping_status":"closed","sticky":false,"template":"","format":"standard","meta":{"_et_pb_use_builder":"","_et_pb_old_content":"","_et_gb_content_width":"","footnotes":""},"categories":[60],"tags":[],"class_list":["post-8324","post","type-post","status-publish","format-standard","has-post-thumbnail","hentry","category-teach-on-mars-news"],"yoast_head":"<!-- This site is optimized with the Yoast SEO Premium plugin v22.6 (Yoast SEO v27.5) - https:\/\/yoast.com\/product\/yoast-seo-premium-wordpress\/ -->\n<title>Two in a row ! The Mobile Learning Summer University lands on Mars for the second year running! - Teach on Mars<\/title>\n<meta name=\"description\" content=\"The second edition of Mobile Learning Summer University took place on July 4 and 5, bringing together some forty or so Digital Learning Managers.\" \/>\n<meta name=\"robots\" content=\"noindex, follow\" \/>\n<meta property=\"og:locale\" content=\"en_US\" \/>\n<meta property=\"og:type\" content=\"article\" \/>\n<meta property=\"og:title\" content=\"Two in a row ! The Mobile Learning Summer University lands on Mars for the second year running!\" \/>\n<meta property=\"og:description\" content=\"The second edition of Mobile Learning Summer University took place on July 4 and 5, bringing together some forty or so Digital Learning Managers.\" \/>\n<meta property=\"og:url\" content=\"https:\/\/www.teachonmars.com\/en\/blog\/2018\/07\/two-in-a-row-the-mobile-learning-summer-university-lands-on-mars-for-the-second-year-running\/\" \/>\n<meta property=\"og:site_name\" content=\"Teach on Mars\" \/>\n<meta property=\"article:publisher\" content=\"https:\/\/www.facebook.com\/teachonmars.fr\/\" \/>\n<meta property=\"article:published_time\" content=\"2018-07-26T07:10:04+00:00\" \/>\n<meta property=\"article:modified_time\" content=\"2019-08-27T17:38:47+00:00\" \/>\n<meta property=\"og:image\" content=\"https:\/\/www.teachonmars.com\/wp-content\/uploads\/2018\/07\/photo-groupe-ueml-18.jpg\" \/>\n\t<meta property=\"og:image:width\" content=\"700\" \/>\n\t<meta property=\"og:image:height\" content=\"336\" \/>\n\t<meta property=\"og:image:type\" content=\"image\/jpeg\" \/>\n<meta name=\"author\" content=\"No\u00e9mie Bertrand\" \/>\n<meta name=\"twitter:card\" content=\"summary_large_image\" \/>\n<meta name=\"twitter:creator\" content=\"@TeachonMarsfr\" \/>\n<meta name=\"twitter:site\" content=\"@TeachonMarsfr\" \/>\n<meta name=\"twitter:label1\" content=\"Written by\" \/>\n\t<meta name=\"twitter:data1\" content=\"No\u00e9mie Bertrand\" \/>\n\t<meta name=\"twitter:label2\" content=\"Est. reading time\" \/>\n\t<meta name=\"twitter:data2\" content=\"6 minutes\" \/>\n<script type=\"application\/ld+json\" class=\"yoast-schema-graph\">{\"@context\":\"https:\\\/\\\/schema.org\",\"@graph\":[{\"@type\":\"Article\",\"@id\":\"https:\\\/\\\/www.teachonmars.com\\\/en\\\/blog\\\/2018\\\/07\\\/two-in-a-row-the-mobile-learning-summer-university-lands-on-mars-for-the-second-year-running\\\/#article\",\"isPartOf\":{\"@id\":\"https:\\\/\\\/www.teachonmars.com\\\/en\\\/blog\\\/2018\\\/07\\\/two-in-a-row-the-mobile-learning-summer-university-lands-on-mars-for-the-second-year-running\\\/\"},\"author\":{\"name\":\"No\u00e9mie Bertrand\",\"@id\":\"https:\\\/\\\/www.teachonmars.com\\\/en\\\/#\\\/schema\\\/person\\\/16dcef3ce288dfad248750f5faf773b0\"},\"headline\":\"Two in a row ! The Mobile Learning Summer University lands on Mars for the second year running!\",\"datePublished\":\"2018-07-26T07:10:04+00:00\",\"dateModified\":\"2019-08-27T17:38:47+00:00\",\"mainEntityOfPage\":{\"@id\":\"https:\\\/\\\/www.teachonmars.com\\\/en\\\/blog\\\/2018\\\/07\\\/two-in-a-row-the-mobile-learning-summer-university-lands-on-mars-for-the-second-year-running\\\/\"},\"wordCount\":1149,\"commentCount\":0,\"publisher\":{\"@id\":\"https:\\\/\\\/www.teachonmars.com\\\/en\\\/#organization\"},\"image\":{\"@id\":\"https:\\\/\\\/www.teachonmars.com\\\/en\\\/blog\\\/2018\\\/07\\\/two-in-a-row-the-mobile-learning-summer-university-lands-on-mars-for-the-second-year-running\\\/#primaryimage\"},\"thumbnailUrl\":\"https:\\\/\\\/www.teachonmars.com\\\/wp-content\\\/uploads\\\/2018\\\/07\\\/photo-groupe-ueml-18.jpg\",\"articleSection\":[\"Teach on Mars News\"],\"inLanguage\":\"en-US\",\"potentialAction\":[{\"@type\":\"CommentAction\",\"name\":\"Comment\",\"target\":[\"https:\\\/\\\/www.teachonmars.com\\\/en\\\/blog\\\/2018\\\/07\\\/two-in-a-row-the-mobile-learning-summer-university-lands-on-mars-for-the-second-year-running\\\/#respond\"]}]},{\"@type\":\"WebPage\",\"@id\":\"https:\\\/\\\/www.teachonmars.com\\\/en\\\/blog\\\/2018\\\/07\\\/two-in-a-row-the-mobile-learning-summer-university-lands-on-mars-for-the-second-year-running\\\/\",\"url\":\"https:\\\/\\\/www.teachonmars.com\\\/en\\\/blog\\\/2018\\\/07\\\/two-in-a-row-the-mobile-learning-summer-university-lands-on-mars-for-the-second-year-running\\\/\",\"name\":\"Two in a row ! The Mobile Learning Summer University lands on Mars for the second year running! - Teach on Mars\",\"isPartOf\":{\"@id\":\"https:\\\/\\\/www.teachonmars.com\\\/en\\\/#website\"},\"primaryImageOfPage\":{\"@id\":\"https:\\\/\\\/www.teachonmars.com\\\/en\\\/blog\\\/2018\\\/07\\\/two-in-a-row-the-mobile-learning-summer-university-lands-on-mars-for-the-second-year-running\\\/#primaryimage\"},\"image\":{\"@id\":\"https:\\\/\\\/www.teachonmars.com\\\/en\\\/blog\\\/2018\\\/07\\\/two-in-a-row-the-mobile-learning-summer-university-lands-on-mars-for-the-second-year-running\\\/#primaryimage\"},\"thumbnailUrl\":\"https:\\\/\\\/www.teachonmars.com\\\/wp-content\\\/uploads\\\/2018\\\/07\\\/photo-groupe-ueml-18.jpg\",\"datePublished\":\"2018-07-26T07:10:04+00:00\",\"dateModified\":\"2019-08-27T17:38:47+00:00\",\"description\":\"The second edition of Mobile Learning Summer University took place on July 4 and 5, bringing together some forty or so Digital Learning Managers.\",\"breadcrumb\":{\"@id\":\"https:\\\/\\\/www.teachonmars.com\\\/en\\\/blog\\\/2018\\\/07\\\/two-in-a-row-the-mobile-learning-summer-university-lands-on-mars-for-the-second-year-running\\\/#breadcrumb\"},\"inLanguage\":\"en-US\",\"potentialAction\":[{\"@type\":\"ReadAction\",\"target\":[\"https:\\\/\\\/www.teachonmars.com\\\/en\\\/blog\\\/2018\\\/07\\\/two-in-a-row-the-mobile-learning-summer-university-lands-on-mars-for-the-second-year-running\\\/\"]}]},{\"@type\":\"ImageObject\",\"inLanguage\":\"en-US\",\"@id\":\"https:\\\/\\\/www.teachonmars.com\\\/en\\\/blog\\\/2018\\\/07\\\/two-in-a-row-the-mobile-learning-summer-university-lands-on-mars-for-the-second-year-running\\\/#primaryimage\",\"url\":\"https:\\\/\\\/www.teachonmars.com\\\/wp-content\\\/uploads\\\/2018\\\/07\\\/photo-groupe-ueml-18.jpg\",\"contentUrl\":\"https:\\\/\\\/www.teachonmars.com\\\/wp-content\\\/uploads\\\/2018\\\/07\\\/photo-groupe-ueml-18.jpg\",\"width\":700,\"height\":336},{\"@type\":\"BreadcrumbList\",\"@id\":\"https:\\\/\\\/www.teachonmars.com\\\/en\\\/blog\\\/2018\\\/07\\\/two-in-a-row-the-mobile-learning-summer-university-lands-on-mars-for-the-second-year-running\\\/#breadcrumb\",\"itemListElement\":[{\"@type\":\"ListItem\",\"position\":1,\"name\":\"Accueil\",\"item\":\"https:\\\/\\\/www.teachonmars.com\\\/en\\\/\"},{\"@type\":\"ListItem\",\"position\":2,\"name\":\"Teach on Mars News\",\"item\":\"https:\\\/\\\/www.teachonmars.com\\\/en\\\/blog\\\/category\\\/teach-on-mars-news\\\/\"},{\"@type\":\"ListItem\",\"position\":3,\"name\":\"Two in a row ! The Mobile Learning Summer University lands on Mars for the second year running!\"}]},{\"@type\":\"WebSite\",\"@id\":\"https:\\\/\\\/www.teachonmars.com\\\/en\\\/#website\",\"url\":\"https:\\\/\\\/www.teachonmars.com\\\/en\\\/\",\"name\":\"Teach on Mars\",\"description\":\"More Learning Moments. Better Future.\",\"publisher\":{\"@id\":\"https:\\\/\\\/www.teachonmars.com\\\/en\\\/#organization\"},\"potentialAction\":[{\"@type\":\"SearchAction\",\"target\":{\"@type\":\"EntryPoint\",\"urlTemplate\":\"https:\\\/\\\/www.teachonmars.com\\\/en\\\/?s={search_term_string}\"},\"query-input\":{\"@type\":\"PropertyValueSpecification\",\"valueRequired\":true,\"valueName\":\"search_term_string\"}}],\"inLanguage\":\"en-US\"},{\"@type\":\"Organization\",\"@id\":\"https:\\\/\\\/www.teachonmars.com\\\/en\\\/#organization\",\"name\":\"Teach on Mars\",\"url\":\"https:\\\/\\\/www.teachonmars.com\\\/en\\\/\",\"logo\":{\"@type\":\"ImageObject\",\"inLanguage\":\"en-US\",\"@id\":\"https:\\\/\\\/www.teachonmars.com\\\/en\\\/#\\\/schema\\\/logo\\\/image\\\/\",\"url\":\"https:\\\/\\\/www.teachonmars.com\\\/wp-content\\\/uploads\\\/2024\\\/04\\\/logo-Teach-on-march-by-lumapps-1.png\",\"contentUrl\":\"https:\\\/\\\/www.teachonmars.com\\\/wp-content\\\/uploads\\\/2024\\\/04\\\/logo-Teach-on-march-by-lumapps-1.png\",\"width\":1052,\"height\":194,\"caption\":\"Teach on Mars\"},\"image\":{\"@id\":\"https:\\\/\\\/www.teachonmars.com\\\/en\\\/#\\\/schema\\\/logo\\\/image\\\/\"},\"sameAs\":[\"https:\\\/\\\/www.facebook.com\\\/teachonmars.fr\\\/\",\"https:\\\/\\\/x.com\\\/TeachonMarsfr\",\"https:\\\/\\\/www.linkedin.com\\\/company\\\/teach-on-mars\\\/\"]},{\"@type\":\"Person\",\"@id\":\"https:\\\/\\\/www.teachonmars.com\\\/en\\\/#\\\/schema\\\/person\\\/16dcef3ce288dfad248750f5faf773b0\",\"name\":\"No\u00e9mie Bertrand\",\"image\":{\"@type\":\"ImageObject\",\"inLanguage\":\"en-US\",\"@id\":\"https:\\\/\\\/secure.gravatar.com\\\/avatar\\\/a2b54f44b357662492b910a32988d2d988811fe3b519af68426bd3262387ab48?s=96&d=mm&r=g\",\"url\":\"https:\\\/\\\/secure.gravatar.com\\\/avatar\\\/a2b54f44b357662492b910a32988d2d988811fe3b519af68426bd3262387ab48?s=96&d=mm&r=g\",\"contentUrl\":\"https:\\\/\\\/secure.gravatar.com\\\/avatar\\\/a2b54f44b357662492b910a32988d2d988811fe3b519af68426bd3262387ab48?s=96&d=mm&r=g\",\"caption\":\"No\u00e9mie Bertrand\"},\"description\":\"Dipl\u00f4m\u00e9e d\u2019\u00e9cole de commerce et passionn\u00e9e par les innovations du num\u00e9rique, No\u00e9mie a enfil\u00e9 son scaphandre et rejoint l\u2019\u00e9quipe Teach on Mars au poste de Content Manager. Elle intervient en marketing et \u00e9v\u00e9nementiel tout en contribuant \u00e0 Teach on Earth, une initiative sociale et environnementale.\"}]}<\/script>\n<!-- \/ Yoast SEO Premium plugin. -->","yoast_head_json":{"title":"Two in a row ! The Mobile Learning Summer University lands on Mars for the second year running! - Teach on Mars","description":"The second edition of Mobile Learning Summer University took place on July 4 and 5, bringing together some forty or so Digital Learning Managers.","robots":{"index":"noindex","follow":"follow"},"og_locale":"en_US","og_type":"article","og_title":"Two in a row ! The Mobile Learning Summer University lands on Mars for the second year running!","og_description":"The second edition of Mobile Learning Summer University took place on July 4 and 5, bringing together some forty or so Digital Learning Managers.","og_url":"https:\/\/www.teachonmars.com\/en\/blog\/2018\/07\/two-in-a-row-the-mobile-learning-summer-university-lands-on-mars-for-the-second-year-running\/","og_site_name":"Teach on Mars","article_publisher":"https:\/\/www.facebook.com\/teachonmars.fr\/","article_published_time":"2018-07-26T07:10:04+00:00","article_modified_time":"2019-08-27T17:38:47+00:00","og_image":[{"width":700,"height":336,"url":"https:\/\/www.teachonmars.com\/wp-content\/uploads\/2018\/07\/photo-groupe-ueml-18.jpg","type":"image\/jpeg"}],"author":"No\u00e9mie Bertrand","twitter_card":"summary_large_image","twitter_creator":"@TeachonMarsfr","twitter_site":"@TeachonMarsfr","twitter_misc":{"Written by":"No\u00e9mie Bertrand","Est. reading time":"6 minutes"},"schema":{"@context":"https:\/\/schema.org","@graph":[{"@type":"Article","@id":"https:\/\/www.teachonmars.com\/en\/blog\/2018\/07\/two-in-a-row-the-mobile-learning-summer-university-lands-on-mars-for-the-second-year-running\/#article","isPartOf":{"@id":"https:\/\/www.teachonmars.com\/en\/blog\/2018\/07\/two-in-a-row-the-mobile-learning-summer-university-lands-on-mars-for-the-second-year-running\/"},"author":{"name":"No\u00e9mie Bertrand","@id":"https:\/\/www.teachonmars.com\/en\/#\/schema\/person\/16dcef3ce288dfad248750f5faf773b0"},"headline":"Two in a row ! The Mobile Learning Summer University lands on Mars for the second year running!","datePublished":"2018-07-26T07:10:04+00:00","dateModified":"2019-08-27T17:38:47+00:00","mainEntityOfPage":{"@id":"https:\/\/www.teachonmars.com\/en\/blog\/2018\/07\/two-in-a-row-the-mobile-learning-summer-university-lands-on-mars-for-the-second-year-running\/"},"wordCount":1149,"commentCount":0,"publisher":{"@id":"https:\/\/www.teachonmars.com\/en\/#organization"},"image":{"@id":"https:\/\/www.teachonmars.com\/en\/blog\/2018\/07\/two-in-a-row-the-mobile-learning-summer-university-lands-on-mars-for-the-second-year-running\/#primaryimage"},"thumbnailUrl":"https:\/\/www.teachonmars.com\/wp-content\/uploads\/2018\/07\/photo-groupe-ueml-18.jpg","articleSection":["Teach on Mars News"],"inLanguage":"en-US","potentialAction":[{"@type":"CommentAction","name":"Comment","target":["https:\/\/www.teachonmars.com\/en\/blog\/2018\/07\/two-in-a-row-the-mobile-learning-summer-university-lands-on-mars-for-the-second-year-running\/#respond"]}]},{"@type":"WebPage","@id":"https:\/\/www.teachonmars.com\/en\/blog\/2018\/07\/two-in-a-row-the-mobile-learning-summer-university-lands-on-mars-for-the-second-year-running\/","url":"https:\/\/www.teachonmars.com\/en\/blog\/2018\/07\/two-in-a-row-the-mobile-learning-summer-university-lands-on-mars-for-the-second-year-running\/","name":"Two in a row ! The Mobile Learning Summer University lands on Mars for the second year running! - Teach on Mars","isPartOf":{"@id":"https:\/\/www.teachonmars.com\/en\/#website"},"primaryImageOfPage":{"@id":"https:\/\/www.teachonmars.com\/en\/blog\/2018\/07\/two-in-a-row-the-mobile-learning-summer-university-lands-on-mars-for-the-second-year-running\/#primaryimage"},"image":{"@id":"https:\/\/www.teachonmars.com\/en\/blog\/2018\/07\/two-in-a-row-the-mobile-learning-summer-university-lands-on-mars-for-the-second-year-running\/#primaryimage"},"thumbnailUrl":"https:\/\/www.teachonmars.com\/wp-content\/uploads\/2018\/07\/photo-groupe-ueml-18.jpg","datePublished":"2018-07-26T07:10:04+00:00","dateModified":"2019-08-27T17:38:47+00:00","description":"The second edition of Mobile Learning Summer University took place on July 4 and 5, bringing together some forty or so Digital Learning Managers.","breadcrumb":{"@id":"https:\/\/www.teachonmars.com\/en\/blog\/2018\/07\/two-in-a-row-the-mobile-learning-summer-university-lands-on-mars-for-the-second-year-running\/#breadcrumb"},"inLanguage":"en-US","potentialAction":[{"@type":"ReadAction","target":["https:\/\/www.teachonmars.com\/en\/blog\/2018\/07\/two-in-a-row-the-mobile-learning-summer-university-lands-on-mars-for-the-second-year-running\/"]}]},{"@type":"ImageObject","inLanguage":"en-US","@id":"https:\/\/www.teachonmars.com\/en\/blog\/2018\/07\/two-in-a-row-the-mobile-learning-summer-university-lands-on-mars-for-the-second-year-running\/#primaryimage","url":"https:\/\/www.teachonmars.com\/wp-content\/uploads\/2018\/07\/photo-groupe-ueml-18.jpg","contentUrl":"https:\/\/www.teachonmars.com\/wp-content\/uploads\/2018\/07\/photo-groupe-ueml-18.jpg","width":700,"height":336},{"@type":"BreadcrumbList","@id":"https:\/\/www.teachonmars.com\/en\/blog\/2018\/07\/two-in-a-row-the-mobile-learning-summer-university-lands-on-mars-for-the-second-year-running\/#breadcrumb","itemListElement":[{"@type":"ListItem","position":1,"name":"Accueil","item":"https:\/\/www.teachonmars.com\/en\/"},{"@type":"ListItem","position":2,"name":"Teach on Mars News","item":"https:\/\/www.teachonmars.com\/en\/blog\/category\/teach-on-mars-news\/"},{"@type":"ListItem","position":3,"name":"Two in a row ! The Mobile Learning Summer University lands on Mars for the second year running!"}]},{"@type":"WebSite","@id":"https:\/\/www.teachonmars.com\/en\/#website","url":"https:\/\/www.teachonmars.com\/en\/","name":"Teach on Mars","description":"More Learning Moments. Better Future.","publisher":{"@id":"https:\/\/www.teachonmars.com\/en\/#organization"},"potentialAction":[{"@type":"SearchAction","target":{"@type":"EntryPoint","urlTemplate":"https:\/\/www.teachonmars.com\/en\/?s={search_term_string}"},"query-input":{"@type":"PropertyValueSpecification","valueRequired":true,"valueName":"search_term_string"}}],"inLanguage":"en-US"},{"@type":"Organization","@id":"https:\/\/www.teachonmars.com\/en\/#organization","name":"Teach on Mars","url":"https:\/\/www.teachonmars.com\/en\/","logo":{"@type":"ImageObject","inLanguage":"en-US","@id":"https:\/\/www.teachonmars.com\/en\/#\/schema\/logo\/image\/","url":"https:\/\/www.teachonmars.com\/wp-content\/uploads\/2024\/04\/logo-Teach-on-march-by-lumapps-1.png","contentUrl":"https:\/\/www.teachonmars.com\/wp-content\/uploads\/2024\/04\/logo-Teach-on-march-by-lumapps-1.png","width":1052,"height":194,"caption":"Teach on Mars"},"image":{"@id":"https:\/\/www.teachonmars.com\/en\/#\/schema\/logo\/image\/"},"sameAs":["https:\/\/www.facebook.com\/teachonmars.fr\/","https:\/\/x.com\/TeachonMarsfr","https:\/\/www.linkedin.com\/company\/teach-on-mars\/"]},{"@type":"Person","@id":"https:\/\/www.teachonmars.com\/en\/#\/schema\/person\/16dcef3ce288dfad248750f5faf773b0","name":"No\u00e9mie Bertrand","image":{"@type":"ImageObject","inLanguage":"en-US","@id":"https:\/\/secure.gravatar.com\/avatar\/a2b54f44b357662492b910a32988d2d988811fe3b519af68426bd3262387ab48?s=96&d=mm&r=g","url":"https:\/\/secure.gravatar.com\/avatar\/a2b54f44b357662492b910a32988d2d988811fe3b519af68426bd3262387ab48?s=96&d=mm&r=g","contentUrl":"https:\/\/secure.gravatar.com\/avatar\/a2b54f44b357662492b910a32988d2d988811fe3b519af68426bd3262387ab48?s=96&d=mm&r=g","caption":"No\u00e9mie Bertrand"},"description":"Dipl\u00f4m\u00e9e d\u2019\u00e9cole de commerce et passionn\u00e9e par les innovations du num\u00e9rique, No\u00e9mie a enfil\u00e9 son scaphandre et rejoint l\u2019\u00e9quipe Teach on Mars au poste de Content Manager. Elle intervient en marketing et \u00e9v\u00e9nementiel tout en contribuant \u00e0 Teach on Earth, une initiative sociale et environnementale."}]}},"_links":{"self":[{"href":"https:\/\/www.teachonmars.com\/en\/wp-json\/wp\/v2\/posts\/8324","targetHints":{"allow":["GET"]}}],"collection":[{"href":"https:\/\/www.teachonmars.com\/en\/wp-json\/wp\/v2\/posts"}],"about":[{"href":"https:\/\/www.teachonmars.com\/en\/wp-json\/wp\/v2\/types\/post"}],"author":[{"embeddable":true,"href":"https:\/\/www.teachonmars.com\/en\/wp-json\/wp\/v2\/users\/17"}],"replies":[{"embeddable":true,"href":"https:\/\/www.teachonmars.com\/en\/wp-json\/wp\/v2\/comments?post=8324"}],"version-history":[{"count":0,"href":"https:\/\/www.teachonmars.com\/en\/wp-json\/wp\/v2\/posts\/8324\/revisions"}],"wp:featuredmedia":[{"embeddable":true,"href":"https:\/\/www.teachonmars.com\/en\/wp-json\/wp\/v2\/media\/12279"}],"wp:attachment":[{"href":"https:\/\/www.teachonmars.com\/en\/wp-json\/wp\/v2\/media?parent=8324"}],"wp:term":[{"taxonomy":"category","embeddable":true,"href":"https:\/\/www.teachonmars.com\/en\/wp-json\/wp\/v2\/categories?post=8324"},{"taxonomy":"post_tag","embeddable":true,"href":"https:\/\/www.teachonmars.com\/en\/wp-json\/wp\/v2\/tags?post=8324"}],"curies":[{"name":"wp","href":"https:\/\/api.w.org\/{rel}","templated":true}]}}